{"id":7369,"date":"2025-02-05T12:48:53","date_gmt":"2025-02-05T15:48:53","guid":{"rendered":"https:\/\/exponor.cl\/?p=7369"},"modified":"2025-02-10T11:28:43","modified_gmt":"2025-02-10T14:28:43","slug":"exponor-sustentable-cooperativa-implemento-un-sistema-integral-de-gestion-de-residuos","status":"publish","type":"post","link":"https:\/\/exponor.cl\/en\/2025\/02\/05\/exponor-sustentable-cooperativa-implemento-un-sistema-integral-de-gestion-de-residuos\/","title":{"rendered":"Sustainable EXPONOR: a cooperative implemented a comprehensive waste management system"},"content":{"rendered":"[et_pb_section fb_built=&#8221;1&#8243; admin_label=&#8221;section&#8221; _builder_version=&#8221;4.16&#8243; da_disable_devices=&#8221;off|off|off&#8221; global_colors_info=&#8221;{}&#8221; theme_builder_area=&#8221;post_content&#8221; da_is_popup=&#8221;off&#8221; da_exit_intent=&#8221;off&#8221; da_has_close=&#8221;on&#8221; da_alt_close=&#8221;off&#8221; da_dark_close=&#8221;off&#8221; da_not_modal=&#8221;on&#8221; da_is_singular=&#8221;off&#8221; da_with_loader=&#8221;off&#8221; da_has_shadow=&#8221;on&#8221;][et_pb_row admin_label=&#8221;row&#8221; _builder_version=&#8221;4.16&#8243; background_size=&#8221;initial&#8221; background_position=&#8221;top_left&#8221; background_repeat=&#8221;repeat&#8221; global_colors_info=&#8221;{}&#8221; theme_builder_area=&#8221;post_content&#8221;][et_pb_column type=&#8221;4_4&#8243; _builder_version=&#8221;4.16&#8243; custom_padding=&#8221;|||&#8221; global_colors_info=&#8221;{}&#8221; custom_padding__hover=&#8221;|||&#8221; theme_builder_area=&#8221;post_content&#8221;][et_pb_text admin_label=&#8221;Text&#8221; _builder_version=&#8221;4.16&#8243; background_size=&#8221;initial&#8221; background_position=&#8221;top_left&#8221; background_repeat=&#8221;repeat&#8221; global_colors_info=&#8221;{}&#8221; theme_builder_area=&#8221;post_content&#8221;]\n<p><em>Destac\u00f3 el tratamiento diferenciado de pl\u00e1stico, lata, papel, cart\u00f3n y vidrio, as\u00ed como su posterior enfardado para la venta<\/em>.<\/p>\n\n\n\n<p>Cada edici\u00f3n, EXPONOR se enfoca en relevar diversos aspectos que son parte de los temas que est\u00e1n en la mira de las industrias de la miner\u00eda y energ\u00eda, a nivel nacional e internacional. En esta l\u00ednea, una de las \u00e1reas abordadas es la <strong>sustentabilidad<\/strong>, concepto incorporado en la creciente optimizaci\u00f3n de procesos, por medio de la aplicaci\u00f3n de tecnolog\u00edas disruptivas que presentan las empresas expositoras. Complementando esta estrategia, aparece un \u201clado B\u201d donde la organizaci\u00f3n se preocupa -desde el recinto- de la importancia del reciclaje y la econom\u00eda circular.<\/p>\n\n\n\n<p>Es en este escenario y, con el objetivo de aprovechar los residuos que deja la exhibici\u00f3n internacional, que la cooperativa de recicladores La Chimba Sustentable implement\u00f3 un sistema de gesti\u00f3n de excedentes para la recolecci\u00f3n, segregaci\u00f3n y disposici\u00f3n final de estos en EXPONOR 2024. Pl\u00e1stico, PET 1, lata, papel, cart\u00f3n y vidrio, adem\u00e1s del an\u00e1lisis de la huella de carbono y la bioequivalencia de cada tipo de residuo, fue parte del trabajo que realizaron.<\/p>\n\n\n\n<blockquote class=\"wp-block-quote is-layout-flow wp-block-quote-is-layout-flow\">\n<p class=\"has-text-color has-link-color wp-elements-372b8481e6b1afba2f6863ff8b9bd807\" style=\"color:#0096d7\">\u201c<em>Para nosotros es muy importante aportar a la sostenibilidad en la industria desde la base, por eso, adem\u00e1s de las acciones que ya realizamos, por primera vez contamos con la labor de La Chimba Sustentable y as\u00ed ser un ejemplo tanto para ferias mineras como para nuestros expositores y visitantes en esta materia, que debe ser primordial para todos. Y en esa misma senda, seguimos con el desaf\u00edo de una industria m\u00e1s sostenible en EXPONOR 2026<\/em>\u201d, se\u00f1al\u00f3 Andrea Moreno, gerente de la exhibici\u00f3n internacional.<\/p>\n<\/blockquote>\n\n\n\n<p class=\"has-text-color has-link-color wp-elements-0123314c3dc7a8dd8655d3dd6d19aa9e\" style=\"color:#2c4d98;font-size:20px\"><strong>Recolecci\u00f3n selectiva<\/strong><\/p>\n\n\n\n<p>Mediante 10 puntos verdes con tres contenedores para la segregaci\u00f3n de materiales espec\u00edficos y 13 jaulas met\u00e1licas para los pl\u00e1sticos, distribuidas estrat\u00e9gicamente dentro del recinto, este sistema facilit\u00f3 la separaci\u00f3n y el proceso de reciclaje que vino posterior a la finalizaci\u00f3n del evento. La totalidad de los residuos fueron llevados a una planta de tratamiento para su enfardado, el que consisti\u00f3 en la compactaci\u00f3n y agrupaci\u00f3n para facilitar su almacenamiento y transporte, para luego ser vendidos a empresas especializadas en reciclaje y as\u00ed promover la econom\u00eda circular y reducir los deshechos en los vertederos.<\/p>\n\n\n\n<blockquote class=\"wp-block-quote has-text-color has-link-color wp-elements-df54ad217937ebd20ece97cf4389c6cd is-layout-flow wp-block-quote-is-layout-flow\" style=\"color:#0096d7\">\n<p>\u201c<em>Fue el primer contrato que celebramos que fue pagado y eso es lo que m\u00e1s nos signific\u00f3 alegr\u00eda, y con el trabajo en s\u00ed en la EXPONOR, maravillado porque tuvimos mucho contacto con personas y fue una experiencia s\u00faper positiva para los recicladores. Nosotros trabaj\u00e1bamos en el vertedero con ropa que uno usaba, pero ac\u00e1 tuvimos que estar uniformados, con zapatos de seguridad, tener guantes, o sea toda la indumentaria que nunca hab\u00edamos trabajado, as\u00ed que la experiencia es m\u00e1s que bonita, es enriquecedora, porque producto de eso crecimos y conocimos el lado positivo del reciclaje. Si requieren nuevamente de nuestro servicio, vamos a estar ah\u00ed al 100%<\/em>\u201d, sostuvo Francisco Figueroa, gerente administrativo de la organizaci\u00f3n.<\/p>\n<\/blockquote>\n\n\n\n<p>Existen tres puntos limpios en Antofagasta: uno en la capilla militar, otro en Nicol\u00e1s Tirado y, el tercero, en la Villa Codelco. Este \u00faltimo pertenece a la cooperativa, la cual con el trabajo desarrollado en EXPONOR, concluy\u00f3 que el cart\u00f3n y vidrio son opciones m\u00e1s sostenibles desde una perspectiva ambiental respecto del pl\u00e1stico, porque tiene las mayores huellas de carbono y requerimientos de bioequivalencia.<\/p>\n\n\n\n<p>La organizaci\u00f3n de EXPONOR toma el manejo de residuos y su impacto como un desaf\u00edo constante que seguir\u00e1n abordando en ediciones futuras, buscando siempre avanzar en la meta hacia la <strong>sostenibilidad en la industria<\/strong>. Este objetivo es colectivo y todos los actores de la sociedad desempe\u00f1an un papel clave en su implementaci\u00f3n, ya que el involucramiento transversal genera la colaboraci\u00f3n y compromiso de cada uno para lograr un impacto positivo y duradero en el entorno y sus comunidades aleda\u00f1as.<\/p>\n\n\n\n<p class=\"has-text-align-right\">Antofagasta, 5 de febrero de 2025<\/p>\n[\/et_pb_text][\/et_pb_column][\/et_pb_row][\/et_pb_section]","protected":false},"excerpt":{"rendered":"<p>Destac\u00f3 el tratamiento diferenciado de pl\u00e1stico, lata, papel, cart\u00f3n y vidrio, as\u00ed como su posterior enfardado para la venta. Cada edici\u00f3n, EXPONOR se enfoca en relevar diversos aspectos que son parte de los temas que est\u00e1n en la mira de las industrias de la miner\u00eda y energ\u00eda, a nivel nacional e internacional. En esta l\u00ednea, [&hellip;]<\/p>\n","protected":false},"author":1,"featured_media":7370,"comment_status":"closed","ping_status":"closed","sticky":false,"template":"","format":"standard","meta":{"_et_pb_use_builder":"on","_et_pb_old_content":"<!-- wp:paragraph -->\n<p><em>Destac\u00f3 el tratamiento diferenciado de pl\u00e1stico, lata, papel, cart\u00f3n y vidrio, as\u00ed como su posterior enfardado para la venta<\/em>.<\/p>\n<!-- \/wp:paragraph -->\n\n<!-- wp:paragraph -->\n<p>Cada edici\u00f3n, EXPONOR se enfoca en relevar diversos aspectos que son parte de los temas que est\u00e1n en la mira de las industrias de la miner\u00eda y energ\u00eda, a nivel nacional e internacional. En esta l\u00ednea, una de las \u00e1reas abordadas es la <strong>sustentabilidad<\/strong>, concepto incorporado en la creciente optimizaci\u00f3n de procesos, por medio de la aplicaci\u00f3n de tecnolog\u00edas disruptivas que presentan las empresas expositoras. Complementando esta estrategia, aparece un \u201clado B\u201d donde la organizaci\u00f3n se preocupa -desde el recinto- de la importancia del reciclaje y la econom\u00eda circular.<\/p>\n<!-- \/wp:paragraph -->\n\n<!-- wp:paragraph -->\n<p>Es en este escenario y, con el objetivo de aprovechar los residuos que deja la exhibici\u00f3n internacional, que la cooperativa de recicladores La Chimba Sustentable implement\u00f3 un sistema de gesti\u00f3n de excedentes para la recolecci\u00f3n, segregaci\u00f3n y disposici\u00f3n final de estos en EXPONOR 2024. Pl\u00e1stico, PET 1, lata, papel, cart\u00f3n y vidrio, adem\u00e1s del an\u00e1lisis de la huella de carbono y la bioequivalencia de cada tipo de residuo, fue parte del trabajo que realizaron.<\/p>\n<!-- \/wp:paragraph -->\n\n<!-- wp:quote -->\n<blockquote class=\"wp-block-quote\"><!-- wp:paragraph {\"style\":{\"elements\":{\"link\":{\"color\":{\"text\":\"#0096d7\"}}},\"color\":{\"text\":\"#0096d7\"}}} -->\n<p class=\"has-text-color has-link-color\" style=\"color:#0096d7\">\u201c<em>Para nosotros es muy importante aportar a la sostenibilidad en la industria desde la base, por eso, adem\u00e1s de las acciones que ya realizamos, por primera vez contamos con la labor de La Chimba Sustentable y as\u00ed ser un ejemplo tanto para ferias mineras como para nuestros expositores y visitantes en esta materia, que debe ser primordial para todos. Y en esa misma senda, seguimos con el desaf\u00edo de una industria m\u00e1s sostenible en EXPONOR 2026<\/em>\u201d, se\u00f1al\u00f3 Andrea Moreno, gerente de la exhibici\u00f3n internacional.<\/p>\n<!-- \/wp:paragraph --><\/blockquote>\n<!-- \/wp:quote -->\n\n<!-- wp:paragraph {\"style\":{\"typography\":{\"fontSize\":\"20px\"},\"elements\":{\"link\":{\"color\":{\"text\":\"#2c4d98\"}}},\"color\":{\"text\":\"#2c4d98\"}}} -->\n<p class=\"has-text-color has-link-color\" style=\"color:#2c4d98;font-size:20px\"><strong>Recolecci\u00f3n selectiva<\/strong><\/p>\n<!-- \/wp:paragraph -->\n\n<!-- wp:paragraph -->\n<p>Mediante 10 puntos verdes con tres contenedores para la segregaci\u00f3n de materiales espec\u00edficos y 13 jaulas met\u00e1licas para los pl\u00e1sticos, distribuidas estrat\u00e9gicamente dentro del recinto, este sistema facilit\u00f3 la separaci\u00f3n y el proceso de reciclaje que vino posterior a la finalizaci\u00f3n del evento. La totalidad de los residuos fueron llevados a una planta de tratamiento para su enfardado, el que consisti\u00f3 en la compactaci\u00f3n y agrupaci\u00f3n para facilitar su almacenamiento y transporte, para luego ser vendidos a empresas especializadas en reciclaje y as\u00ed promover la econom\u00eda circular y reducir los deshechos en los vertederos.<\/p>\n<!-- \/wp:paragraph -->\n\n<!-- wp:quote {\"style\":{\"color\":{\"text\":\"#0096d7\"},\"elements\":{\"link\":{\"color\":{\"text\":\"#0096d7\"}}}}} -->\n<blockquote class=\"wp-block-quote has-text-color has-link-color\" style=\"color:#0096d7\"><!-- wp:paragraph -->\n<p>\u201c<em>Fue el primer contrato que celebramos que fue pagado y eso es lo que m\u00e1s nos signific\u00f3 alegr\u00eda, y con el trabajo en s\u00ed en la EXPONOR, maravillado porque tuvimos mucho contacto con personas y fue una experiencia s\u00faper positiva para los recicladores. Nosotros trabaj\u00e1bamos en el vertedero con ropa que uno usaba, pero ac\u00e1 tuvimos que estar uniformados, con zapatos de seguridad, tener guantes, o sea toda la indumentaria que nunca hab\u00edamos trabajado, as\u00ed que la experiencia es m\u00e1s que bonita, es enriquecedora, porque producto de eso crecimos y conocimos el lado positivo del reciclaje. Si requieren nuevamente de nuestro servicio, vamos a estar ah\u00ed al 100%<\/em>\u201d, sostuvo Francisco Figueroa, gerente administrativo de la organizaci\u00f3n.<\/p>\n<!-- \/wp:paragraph --><\/blockquote>\n<!-- \/wp:quote -->\n\n<!-- wp:paragraph -->\n<p>Existen tres puntos limpios en Antofagasta: uno en la capilla militar, otro en Nicol\u00e1s Tirado y, el tercero, en la Villa Codelco. Este \u00faltimo pertenece a la cooperativa, la cual con el trabajo desarrollado en EXPONOR, concluy\u00f3 que el cart\u00f3n y vidrio son opciones m\u00e1s sostenibles desde una perspectiva ambiental respecto del pl\u00e1stico, porque tiene las mayores huellas de carbono y requerimientos de bioequivalencia.<\/p>\n<!-- \/wp:paragraph -->\n\n<!-- wp:paragraph -->\n<p>La organizaci\u00f3n de EXPONOR toma el manejo de residuos y su impacto como un desaf\u00edo constante que seguir\u00e1n abordando en ediciones futuras, buscando siempre avanzar en la meta hacia la <strong>sostenibilidad en la industria<\/strong>. Este objetivo es colectivo y todos los actores de la sociedad desempe\u00f1an un papel clave en su implementaci\u00f3n, ya que el involucramiento transversal genera la colaboraci\u00f3n y compromiso de cada uno para lograr un impacto positivo y duradero en el entorno y sus comunidades aleda\u00f1as.<\/p>\n<!-- \/wp:paragraph -->\n\n<!-- wp:paragraph {\"align\":\"right\"} -->\n<p class=\"has-text-align-right\">Antofagasta, 5 de febrero de 2025<\/p>\n<!-- \/wp:paragraph -->","_et_gb_content_width":"","footnotes":""},"categories":[38,34,21,49,35],"tags":[],"class_list":["post-7369","post","type-post","status-publish","format-standard","has-post-thumbnail","hentry","category-antofagasta","category-energia-renovable","category-exponor2024","category-exponor2026","category-industria-verde"],"yoast_head":"<!-- This site is optimized with the Yoast SEO plugin v27.5 - https:\/\/yoast.com\/product\/yoast-seo-wordpress\/ -->\n<title>EXPONOR sustentable: cooperativa implement\u00f3 un sistema integral de gesti\u00f3n de residuos - EXPONOR<\/title>\n<meta name=\"robots\" content=\"index, follow, max-snippet:-1, max-image-preview:large, max-video-preview:-1\" \/>\n<link rel=\"canonical\" href=\"https:\/\/exponor.cl\/en\/2025\/02\/05\/exponor-sustentable-cooperativa-implemento-un-sistema-integral-de-gestion-de-residuos\/\" \/>\n<meta property=\"og:locale\" content=\"en_US\" \/>\n<meta property=\"og:type\" content=\"article\" \/>\n<meta property=\"og:title\" content=\"EXPONOR sustentable: cooperativa implement\u00f3 un sistema integral de gesti\u00f3n de residuos - EXPONOR\" \/>\n<meta property=\"og:description\" content=\"Destac\u00f3 el tratamiento diferenciado de pl\u00e1stico, lata, papel, cart\u00f3n y vidrio, as\u00ed como su posterior enfardado para la venta. Cada edici\u00f3n, EXPONOR se enfoca en relevar diversos aspectos que son parte de los temas que est\u00e1n en la mira de las industrias de la miner\u00eda y energ\u00eda, a nivel nacional e internacional. En esta l\u00ednea, [&hellip;]\" \/>\n<meta property=\"og:url\" content=\"https:\/\/exponor.cl\/en\/2025\/02\/05\/exponor-sustentable-cooperativa-implemento-un-sistema-integral-de-gestion-de-residuos\/\" \/>\n<meta property=\"og:site_name\" content=\"EXPONOR\" \/>\n<meta property=\"article:publisher\" content=\"https:\/\/facebook.com\/exponorcl\" \/>\n<meta property=\"article:published_time\" content=\"2025-02-05T15:48:53+00:00\" \/>\n<meta property=\"article:modified_time\" content=\"2025-02-10T14:28:43+00:00\" \/>\n<meta property=\"og:image\" content=\"https:\/\/exponor.cl\/wp-content\/uploads\/2025\/02\/puntoslimpios.png\" \/>\n\t<meta property=\"og:image:width\" content=\"800\" \/>\n\t<meta property=\"og:image:height\" content=\"370\" \/>\n\t<meta property=\"og:image:type\" content=\"image\/png\" \/>\n<meta name=\"author\" content=\"admin\" \/>\n<meta name=\"twitter:card\" content=\"summary_large_image\" \/>\n<meta name=\"twitter:creator\" content=\"@exponorcl\" \/>\n<meta name=\"twitter:site\" content=\"@exponorcl\" \/>\n<meta name=\"twitter:label1\" content=\"Written by\" \/>\n\t<meta name=\"twitter:data1\" content=\"admin\" \/>\n\t<meta name=\"twitter:label2\" content=\"Est. reading time\" \/>\n\t<meta name=\"twitter:data2\" content=\"3 minutes\" \/>\n<script type=\"application\/ld+json\" class=\"yoast-schema-graph\">{\"@context\":\"https:\\\/\\\/schema.org\",\"@graph\":[{\"@type\":\"Article\",\"@id\":\"https:\\\/\\\/exponor.cl\\\/2025\\\/02\\\/05\\\/exponor-sustentable-cooperativa-implemento-un-sistema-integral-de-gestion-de-residuos\\\/#article\",\"isPartOf\":{\"@id\":\"https:\\\/\\\/exponor.cl\\\/2025\\\/02\\\/05\\\/exponor-sustentable-cooperativa-implemento-un-sistema-integral-de-gestion-de-residuos\\\/\"},\"author\":{\"name\":\"admin\",\"@id\":\"https:\\\/\\\/exponor.cl\\\/#\\\/schema\\\/person\\\/f43dbb34f0c1563f0a03fb8fae81a53b\"},\"headline\":\"EXPONOR sustentable: cooperativa implement\u00f3 un sistema integral de gesti\u00f3n de residuos\",\"datePublished\":\"2025-02-05T15:48:53+00:00\",\"dateModified\":\"2025-02-10T14:28:43+00:00\",\"mainEntityOfPage\":{\"@id\":\"https:\\\/\\\/exponor.cl\\\/2025\\\/02\\\/05\\\/exponor-sustentable-cooperativa-implemento-un-sistema-integral-de-gestion-de-residuos\\\/\"},\"wordCount\":829,\"publisher\":{\"@id\":\"https:\\\/\\\/exponor.cl\\\/#organization\"},\"image\":{\"@id\":\"https:\\\/\\\/exponor.cl\\\/2025\\\/02\\\/05\\\/exponor-sustentable-cooperativa-implemento-un-sistema-integral-de-gestion-de-residuos\\\/#primaryimage\"},\"thumbnailUrl\":\"https:\\\/\\\/exponor.cl\\\/wp-content\\\/uploads\\\/2025\\\/02\\\/puntoslimpios.png\",\"articleSection\":[\"Antofagasta\",\"Energ\u00edasRenovables\",\"EXPONOR2024\",\"EXPONOR2026\",\"IndustriaVerde\"],\"inLanguage\":\"en-US\"},{\"@type\":\"WebPage\",\"@id\":\"https:\\\/\\\/exponor.cl\\\/2025\\\/02\\\/05\\\/exponor-sustentable-cooperativa-implemento-un-sistema-integral-de-gestion-de-residuos\\\/\",\"url\":\"https:\\\/\\\/exponor.cl\\\/2025\\\/02\\\/05\\\/exponor-sustentable-cooperativa-implemento-un-sistema-integral-de-gestion-de-residuos\\\/\",\"name\":\"EXPONOR sustentable: cooperativa implement\u00f3 un sistema integral de gesti\u00f3n de residuos - EXPONOR\",\"isPartOf\":{\"@id\":\"https:\\\/\\\/exponor.cl\\\/#website\"},\"primaryImageOfPage\":{\"@id\":\"https:\\\/\\\/exponor.cl\\\/2025\\\/02\\\/05\\\/exponor-sustentable-cooperativa-implemento-un-sistema-integral-de-gestion-de-residuos\\\/#primaryimage\"},\"image\":{\"@id\":\"https:\\\/\\\/exponor.cl\\\/2025\\\/02\\\/05\\\/exponor-sustentable-cooperativa-implemento-un-sistema-integral-de-gestion-de-residuos\\\/#primaryimage\"},\"thumbnailUrl\":\"https:\\\/\\\/exponor.cl\\\/wp-content\\\/uploads\\\/2025\\\/02\\\/puntoslimpios.png\",\"datePublished\":\"2025-02-05T15:48:53+00:00\",\"dateModified\":\"2025-02-10T14:28:43+00:00\",\"breadcrumb\":{\"@id\":\"https:\\\/\\\/exponor.cl\\\/2025\\\/02\\\/05\\\/exponor-sustentable-cooperativa-implemento-un-sistema-integral-de-gestion-de-residuos\\\/#breadcrumb\"},\"inLanguage\":\"en-US\",\"potentialAction\":[{\"@type\":\"ReadAction\",\"target\":[\"https:\\\/\\\/exponor.cl\\\/2025\\\/02\\\/05\\\/exponor-sustentable-cooperativa-implemento-un-sistema-integral-de-gestion-de-residuos\\\/\"]}]},{\"@type\":\"ImageObject\",\"inLanguage\":\"en-US\",\"@id\":\"https:\\\/\\\/exponor.cl\\\/2025\\\/02\\\/05\\\/exponor-sustentable-cooperativa-implemento-un-sistema-integral-de-gestion-de-residuos\\\/#primaryimage\",\"url\":\"https:\\\/\\\/exponor.cl\\\/wp-content\\\/uploads\\\/2025\\\/02\\\/puntoslimpios.png\",\"contentUrl\":\"https:\\\/\\\/exponor.cl\\\/wp-content\\\/uploads\\\/2025\\\/02\\\/puntoslimpios.png\",\"width\":800,\"height\":370},{\"@type\":\"BreadcrumbList\",\"@id\":\"https:\\\/\\\/exponor.cl\\\/2025\\\/02\\\/05\\\/exponor-sustentable-cooperativa-implemento-un-sistema-integral-de-gestion-de-residuos\\\/#breadcrumb\",\"itemListElement\":[{\"@type\":\"ListItem\",\"position\":1,\"name\":\"Portada\",\"item\":\"https:\\\/\\\/exponor.cl\\\/\"},{\"@type\":\"ListItem\",\"position\":2,\"name\":\"EXPONOR sustentable: cooperativa implement\u00f3 un sistema integral de gesti\u00f3n de residuos\"}]},{\"@type\":\"WebSite\",\"@id\":\"https:\\\/\\\/exponor.cl\\\/#website\",\"url\":\"https:\\\/\\\/exponor.cl\\\/\",\"name\":\"EXPONOR\",\"description\":\"Exhibici\u00f3n Internacional de Tecnolog\u00edas e Innovaciones para la Industria Minera y Energ\u00e9tica\",\"publisher\":{\"@id\":\"https:\\\/\\\/exponor.cl\\\/#organization\"},\"potentialAction\":[{\"@type\":\"SearchAction\",\"target\":{\"@type\":\"EntryPoint\",\"urlTemplate\":\"https:\\\/\\\/exponor.cl\\\/?s={search_term_string}\"},\"query-input\":{\"@type\":\"PropertyValueSpecification\",\"valueRequired\":true,\"valueName\":\"search_term_string\"}}],\"inLanguage\":\"en-US\"},{\"@type\":\"Organization\",\"@id\":\"https:\\\/\\\/exponor.cl\\\/#organization\",\"name\":\"EXPONOR\",\"url\":\"https:\\\/\\\/exponor.cl\\\/\",\"logo\":{\"@type\":\"ImageObject\",\"inLanguage\":\"en-US\",\"@id\":\"https:\\\/\\\/exponor.cl\\\/#\\\/schema\\\/logo\\\/image\\\/\",\"url\":\"https:\\\/\\\/exponor.cl\\\/wp-content\\\/uploads\\\/2025\\\/03\\\/EXPONOR2026_confecha.png\",\"contentUrl\":\"https:\\\/\\\/exponor.cl\\\/wp-content\\\/uploads\\\/2025\\\/03\\\/EXPONOR2026_confecha.png\",\"width\":2107,\"height\":1061,\"caption\":\"EXPONOR\"},\"image\":{\"@id\":\"https:\\\/\\\/exponor.cl\\\/#\\\/schema\\\/logo\\\/image\\\/\"},\"sameAs\":[\"https:\\\/\\\/facebook.com\\\/exponorcl\",\"https:\\\/\\\/x.com\\\/exponorcl\",\"https:\\\/\\\/cl.linkedin.com\\\/company\\\/exponorcl\",\"https:\\\/\\\/www.instagram.com\\\/exponorcl\\\/\"]},{\"@type\":\"Person\",\"@id\":\"https:\\\/\\\/exponor.cl\\\/#\\\/schema\\\/person\\\/f43dbb34f0c1563f0a03fb8fae81a53b\",\"name\":\"admin\",\"image\":{\"@type\":\"ImageObject\",\"inLanguage\":\"en-US\",\"@id\":\"https:\\\/\\\/secure.gravatar.com\\\/avatar\\\/e397b36c8ccaee2f035941656d2bbba67d084ad6aab1abb7717fd9df0594dd0e?s=96&d=mm&r=g\",\"url\":\"https:\\\/\\\/secure.gravatar.com\\\/avatar\\\/e397b36c8ccaee2f035941656d2bbba67d084ad6aab1abb7717fd9df0594dd0e?s=96&d=mm&r=g\",\"contentUrl\":\"https:\\\/\\\/secure.gravatar.com\\\/avatar\\\/e397b36c8ccaee2f035941656d2bbba67d084ad6aab1abb7717fd9df0594dd0e?s=96&d=mm&r=g\",\"caption\":\"admin\"},\"sameAs\":[\"https:\\\/\\\/exponor.cl\"],\"url\":\"https:\\\/\\\/exponor.cl\\\/en\\\/author\\\/admin\\\/\"}]}<\/script>\n<!-- \/ Yoast SEO plugin. -->","yoast_head_json":{"title":"EXPONOR sustentable: cooperativa implement\u00f3 un sistema integral de gesti\u00f3n de residuos - EXPONOR","robots":{"index":"index","follow":"follow","max-snippet":"max-snippet:-1","max-image-preview":"max-image-preview:large","max-video-preview":"max-video-preview:-1"},"canonical":"https:\/\/exponor.cl\/en\/2025\/02\/05\/exponor-sustentable-cooperativa-implemento-un-sistema-integral-de-gestion-de-residuos\/","og_locale":"en_US","og_type":"article","og_title":"EXPONOR sustentable: cooperativa implement\u00f3 un sistema integral de gesti\u00f3n de residuos - EXPONOR","og_description":"Destac\u00f3 el tratamiento diferenciado de pl\u00e1stico, lata, papel, cart\u00f3n y vidrio, as\u00ed como su posterior enfardado para la venta. Cada edici\u00f3n, EXPONOR se enfoca en relevar diversos aspectos que son parte de los temas que est\u00e1n en la mira de las industrias de la miner\u00eda y energ\u00eda, a nivel nacional e internacional. En esta l\u00ednea, [&hellip;]","og_url":"https:\/\/exponor.cl\/en\/2025\/02\/05\/exponor-sustentable-cooperativa-implemento-un-sistema-integral-de-gestion-de-residuos\/","og_site_name":"EXPONOR","article_publisher":"https:\/\/facebook.com\/exponorcl","article_published_time":"2025-02-05T15:48:53+00:00","article_modified_time":"2025-02-10T14:28:43+00:00","og_image":[{"width":800,"height":370,"url":"https:\/\/exponor.cl\/wp-content\/uploads\/2025\/02\/puntoslimpios.png","type":"image\/png"}],"author":"admin","twitter_card":"summary_large_image","twitter_creator":"@exponorcl","twitter_site":"@exponorcl","twitter_misc":{"Written by":"admin","Est. reading time":"3 minutes"},"schema":{"@context":"https:\/\/schema.org","@graph":[{"@type":"Article","@id":"https:\/\/exponor.cl\/2025\/02\/05\/exponor-sustentable-cooperativa-implemento-un-sistema-integral-de-gestion-de-residuos\/#article","isPartOf":{"@id":"https:\/\/exponor.cl\/2025\/02\/05\/exponor-sustentable-cooperativa-implemento-un-sistema-integral-de-gestion-de-residuos\/"},"author":{"name":"admin","@id":"https:\/\/exponor.cl\/#\/schema\/person\/f43dbb34f0c1563f0a03fb8fae81a53b"},"headline":"EXPONOR sustentable: cooperativa implement\u00f3 un sistema integral de gesti\u00f3n de residuos","datePublished":"2025-02-05T15:48:53+00:00","dateModified":"2025-02-10T14:28:43+00:00","mainEntityOfPage":{"@id":"https:\/\/exponor.cl\/2025\/02\/05\/exponor-sustentable-cooperativa-implemento-un-sistema-integral-de-gestion-de-residuos\/"},"wordCount":829,"publisher":{"@id":"https:\/\/exponor.cl\/#organization"},"image":{"@id":"https:\/\/exponor.cl\/2025\/02\/05\/exponor-sustentable-cooperativa-implemento-un-sistema-integral-de-gestion-de-residuos\/#primaryimage"},"thumbnailUrl":"https:\/\/exponor.cl\/wp-content\/uploads\/2025\/02\/puntoslimpios.png","articleSection":["Antofagasta","Energ\u00edasRenovables","EXPONOR2024","EXPONOR2026","IndustriaVerde"],"inLanguage":"en-US"},{"@type":"WebPage","@id":"https:\/\/exponor.cl\/2025\/02\/05\/exponor-sustentable-cooperativa-implemento-un-sistema-integral-de-gestion-de-residuos\/","url":"https:\/\/exponor.cl\/2025\/02\/05\/exponor-sustentable-cooperativa-implemento-un-sistema-integral-de-gestion-de-residuos\/","name":"EXPONOR sustentable: cooperativa implement\u00f3 un sistema integral de gesti\u00f3n de residuos - EXPONOR","isPartOf":{"@id":"https:\/\/exponor.cl\/#website"},"primaryImageOfPage":{"@id":"https:\/\/exponor.cl\/2025\/02\/05\/exponor-sustentable-cooperativa-implemento-un-sistema-integral-de-gestion-de-residuos\/#primaryimage"},"image":{"@id":"https:\/\/exponor.cl\/2025\/02\/05\/exponor-sustentable-cooperativa-implemento-un-sistema-integral-de-gestion-de-residuos\/#primaryimage"},"thumbnailUrl":"https:\/\/exponor.cl\/wp-content\/uploads\/2025\/02\/puntoslimpios.png","datePublished":"2025-02-05T15:48:53+00:00","dateModified":"2025-02-10T14:28:43+00:00","breadcrumb":{"@id":"https:\/\/exponor.cl\/2025\/02\/05\/exponor-sustentable-cooperativa-implemento-un-sistema-integral-de-gestion-de-residuos\/#breadcrumb"},"inLanguage":"en-US","potentialAction":[{"@type":"ReadAction","target":["https:\/\/exponor.cl\/2025\/02\/05\/exponor-sustentable-cooperativa-implemento-un-sistema-integral-de-gestion-de-residuos\/"]}]},{"@type":"ImageObject","inLanguage":"en-US","@id":"https:\/\/exponor.cl\/2025\/02\/05\/exponor-sustentable-cooperativa-implemento-un-sistema-integral-de-gestion-de-residuos\/#primaryimage","url":"https:\/\/exponor.cl\/wp-content\/uploads\/2025\/02\/puntoslimpios.png","contentUrl":"https:\/\/exponor.cl\/wp-content\/uploads\/2025\/02\/puntoslimpios.png","width":800,"height":370},{"@type":"BreadcrumbList","@id":"https:\/\/exponor.cl\/2025\/02\/05\/exponor-sustentable-cooperativa-implemento-un-sistema-integral-de-gestion-de-residuos\/#breadcrumb","itemListElement":[{"@type":"ListItem","position":1,"name":"Portada","item":"https:\/\/exponor.cl\/"},{"@type":"ListItem","position":2,"name":"EXPONOR sustentable: cooperativa implement\u00f3 un sistema integral de gesti\u00f3n de residuos"}]},{"@type":"WebSite","@id":"https:\/\/exponor.cl\/#website","url":"https:\/\/exponor.cl\/","name":"EXPONOR","description":"Exhibici\u00f3n Internacional de Tecnolog\u00edas e Innovaciones para la Industria Minera y Energ\u00e9tica","publisher":{"@id":"https:\/\/exponor.cl\/#organization"},"potentialAction":[{"@type":"SearchAction","target":{"@type":"EntryPoint","urlTemplate":"https:\/\/exponor.cl\/?s={search_term_string}"},"query-input":{"@type":"PropertyValueSpecification","valueRequired":true,"valueName":"search_term_string"}}],"inLanguage":"en-US"},{"@type":"Organization","@id":"https:\/\/exponor.cl\/#organization","name":"EXPONOR","url":"https:\/\/exponor.cl\/","logo":{"@type":"ImageObject","inLanguage":"en-US","@id":"https:\/\/exponor.cl\/#\/schema\/logo\/image\/","url":"https:\/\/exponor.cl\/wp-content\/uploads\/2025\/03\/EXPONOR2026_confecha.png","contentUrl":"https:\/\/exponor.cl\/wp-content\/uploads\/2025\/03\/EXPONOR2026_confecha.png","width":2107,"height":1061,"caption":"EXPONOR"},"image":{"@id":"https:\/\/exponor.cl\/#\/schema\/logo\/image\/"},"sameAs":["https:\/\/facebook.com\/exponorcl","https:\/\/x.com\/exponorcl","https:\/\/cl.linkedin.com\/company\/exponorcl","https:\/\/www.instagram.com\/exponorcl\/"]},{"@type":"Person","@id":"https:\/\/exponor.cl\/#\/schema\/person\/f43dbb34f0c1563f0a03fb8fae81a53b","name":"admin","image":{"@type":"ImageObject","inLanguage":"en-US","@id":"https:\/\/secure.gravatar.com\/avatar\/e397b36c8ccaee2f035941656d2bbba67d084ad6aab1abb7717fd9df0594dd0e?s=96&d=mm&r=g","url":"https:\/\/secure.gravatar.com\/avatar\/e397b36c8ccaee2f035941656d2bbba67d084ad6aab1abb7717fd9df0594dd0e?s=96&d=mm&r=g","contentUrl":"https:\/\/secure.gravatar.com\/avatar\/e397b36c8ccaee2f035941656d2bbba67d084ad6aab1abb7717fd9df0594dd0e?s=96&d=mm&r=g","caption":"admin"},"sameAs":["https:\/\/exponor.cl"],"url":"https:\/\/exponor.cl\/en\/author\/admin\/"}]}},"_links":{"self":[{"href":"https:\/\/exponor.cl\/en\/wp-json\/wp\/v2\/posts\/7369","targetHints":{"allow":["GET"]}}],"collection":[{"href":"https:\/\/exponor.cl\/en\/wp-json\/wp\/v2\/posts"}],"about":[{"href":"https:\/\/exponor.cl\/en\/wp-json\/wp\/v2\/types\/post"}],"author":[{"embeddable":true,"href":"https:\/\/exponor.cl\/en\/wp-json\/wp\/v2\/users\/1"}],"replies":[{"embeddable":true,"href":"https:\/\/exponor.cl\/en\/wp-json\/wp\/v2\/comments?post=7369"}],"version-history":[{"count":4,"href":"https:\/\/exponor.cl\/en\/wp-json\/wp\/v2\/posts\/7369\/revisions"}],"predecessor-version":[{"id":7520,"href":"https:\/\/exponor.cl\/en\/wp-json\/wp\/v2\/posts\/7369\/revisions\/7520"}],"wp:featuredmedia":[{"embeddable":true,"href":"https:\/\/exponor.cl\/en\/wp-json\/wp\/v2\/media\/7370"}],"wp:attachment":[{"href":"https:\/\/exponor.cl\/en\/wp-json\/wp\/v2\/media?parent=7369"}],"wp:term":[{"taxonomy":"category","embeddable":true,"href":"https:\/\/exponor.cl\/en\/wp-json\/wp\/v2\/categories?post=7369"},{"taxonomy":"post_tag","embeddable":true,"href":"https:\/\/exponor.cl\/en\/wp-json\/wp\/v2\/tags?post=7369"}],"curies":[{"name":"wp","href":"https:\/\/api.w.org\/{rel}","templated":true}]}}