{"id":6588,"date":"2024-05-23T18:37:23","date_gmt":"2024-05-23T21:37:23","guid":{"rendered":"https:\/\/exponor.cl\/?p=6588"},"modified":"2024-05-23T18:37:23","modified_gmt":"2024-05-23T21:37:23","slug":"suiza-vuelve-como-pabellon-pais-en-exponor-2024","status":"publish","type":"post","link":"https:\/\/exponor.cl\/en\/2024\/05\/23\/suiza-vuelve-como-pabellon-pais-en-exponor-2024\/","title":{"rendered":"Switzerland returns with a country pavilion at EXPONOR 2024"},"content":{"rendered":"<p><em>The international delegation will include 14 companies, which will be located in the Gold Pavilion with proposals focused on High Precision and Technology at the service of the mining and energy sector.<\/em><\/p>\n\n\n\n<p>Switzerland returns with the presence of its Secretary of State for the Economy Helene Budliger and the Ambassador to Chile Markus Dutly, and will inaugurate its 96m<sup>2<\/sup>pavilion at EXPONOR with 14 companies, forming part of the 16 international pavilions that will participate in this edition.<\/p>\n\n\n\n<blockquote class=\"wp-block-quote is-layout-flow wp-block-quote-is-layout-flow\">\n<p class=\"has-text-color has-link-color wp-elements-0f987cc3bf20ce34d20dc68623cc5f92\" style=\"color:#0096d7\">Constanza C\u00e1rdenas, General Manager of the Chilean-Swiss Chamber of Commerce, highlights the collaborative work carried out to make Switzerland's participation possible, \"<em>the Chamber and the Swiss Business Hub Chile (SBH) have been working together since 2023 to showcase the best of Switzerland for Chilean industry within the framework of EXPONOR 2024, since in the 2022 edition both organizations collaborated to participate with a technical delegation of Swiss companies, resulting in a highly successful business experience for the entire delegation, so there is no doubt that participation with a pavilion in this 2024 edition will be even more rewarding for all the Swiss companies and representations involved<\/em>\u201d.<\/p>\n<\/blockquote>\n\n\n\n<blockquote class=\"wp-block-quote is-layout-flow wp-block-quote-is-layout-flow\">\n<p class=\"has-text-color has-link-color wp-elements-84e4b8ed8f623222e2917b2450f117d9\" style=\"color:#0096d7\">C\u00e1rdenas also added that \"<em>the alliance with the SBH is key, given that this institution, which is part of the Swiss Embassy, carries out the Framework Program that accompanies the pavilion, which includes technical visits to worksites, networking events and this year, specially, the official visit of the Swiss Secretary of State for the Economy, Helene Budliger, accompanied by a group of over 10 Swiss companies, with the aim of deepening economic relations between the two countries, as well as exploring the advantageous business opportunities offered by Chile<\/em>\u201d.<\/p>\n<\/blockquote>\n\n\n\n<blockquote class=\"wp-block-quote is-layout-flow wp-block-quote-is-layout-flow\">\n<p class=\"has-text-color has-link-color wp-elements-6b411c1d1e1d2a384eaa4142c5f8f816\" style=\"color:#0096d7\">Alicia Reyes,  EXPONOR Assistant Manager, who is in charge of the international delegations, explains: \"<em>the organization of each exhibition is a process that takes time and is nourished by the relationships we establish with the chambers of commerce, embassies and other public and private organizations of the different countries to attract them to the exhibition with interesting proposals for the industry, and the presence of Switzerland at this edition is proof of the success of this effort<\/em>\u201d.<\/p>\n<\/blockquote>\n\n\n\n<p class=\"has-text-color has-link-color wp-elements-95fe42ba3d4b15ef6066f14873cc3f1c\" style=\"color:#2c4d98;font-size:30px\"><strong>Technical talks<\/strong><\/p>\n\n\n\n<p>The main solutions that will be present in the Pavilion are: fluids engineering and application of chemical processes; protection systems against natural risks and in tunnels; robotics and drones for complex spaces; components and solutions for electrical and electronic safety for renewable energy sectors, DC supply networks and other industrial systems; medium to large bearings and technological bearings; cargo and logistics services; digitization and automation systems; traceability and protection of brands and products; consultancy specializing in complex projects; vertical grinding; vertical transport.<\/p>\n\n\n\n<p>The Swiss Pavilion also includes an area for technical talks by the participating companies. \"<strong>Beyond cheese and chocolate: Unveiling the global success model of Swiss innovation<\/strong>\" is one of them, which will present the various solutions offered to the country's mining and energy sectors, to the attending public and special guests.<\/p>\n\n\n\n<blockquote class=\"wp-block-quote is-layout-flow wp-block-quote-is-layout-flow\">\n<p class=\"has-text-color has-link-color wp-elements-bfd8f2f652b534626a60d342c2535b54\" style=\"color:#0096d7\">\u201c<em>We invite you to visit us at the Gold Pavilion, stands 863 to 871, from June 3 to 6 in Antofagasta, Chile, at the EXPONOR Exhibition Grounds. And visit our website www.swisschile.cl to learn more about the Chilean-Swiss Chamber of Commerce, and to keep informed about the Swiss pavilion at EXPONOR <\/em><a href=\"http:\/\/www.swisschile.cl\">www.swisschile.cl<\/a>\", concluded Constanza C\u00e1rdenas.<\/p>\n<\/blockquote>\n\n\n\n<p>EXPONOR 2024 -<strong>june 3 \u2013 6<\/strong>- has the support of its strategic partners Albemarle, Antofagasta Minerals, Capstone Copper, CODELCO, Escondida | BHP, GLENCORE, Minera El Abra, Pampa Norte |  BHP, Pan American Silver, Sierra Gorda SCM and SQM, together with the sponsorship of APRIMIN, Consejo Minero, Generadoras de Chile, InvestChile, the Ministries of Economy, Mining and Energy, the Regional Government, ProChile, SOFOFA and SONAMI. Its official airline is LATAM and its official media are Miner\u00eda Chilena, Reporte Minero, El Mercurio de Antofagasta and Timeline. Confirm your visit at: <a href=\"mailto:visitatecnica@exponor.cl\">visitatecnica@exponor.cl<\/a><\/p>\n\n\n\n<p>EXPONOR 2024... Solutions for a sustainable industry.<\/p>\n\n\n\n<p class=\"has-text-align-right\">Antofagasta, May 23, 2024.<\/p>","protected":false},"excerpt":{"rendered":"<p>14 empresas tendr\u00e1 la delegaci\u00f3n internacional, que se ubicar\u00e1 en el Pabell\u00f3n Oro con propuestas enfocadas en Alta Precisi\u00f3n y Tecnolog\u00eda al servicio del sector minero y energ\u00e9tico. Con la presencia de la Secretaria de Estado de Econom\u00eda Helene Budliger y del Embajador en Chile Markus Dutly, Suiza inaugurar\u00e1 su pabell\u00f3n en EXPONOR que vuelve [&hellip;]<\/p>\n","protected":false},"author":1,"featured_media":6589,"comment_status":"closed","ping_status":"closed","sticky":false,"template":"","format":"standard","meta":{"_et_pb_use_builder":"off","_et_pb_old_content":"","_et_gb_content_width":"","footnotes":""},"categories":[38,32,21,35],"tags":[],"class_list":["post-6588","post","type-post","status-publish","format-standard","has-post-thumbnail","hentry","category-antofagasta","category-energia","category-exponor2024","category-industria-verde"],"yoast_head":"<!-- This site is optimized with the Yoast SEO plugin v27.5 - https:\/\/yoast.com\/product\/yoast-seo-wordpress\/ -->\n<title>Suiza vuelve como pabell\u00f3n pa\u00eds en EXPONOR 2024 - EXPONOR<\/title>\n<meta name=\"robots\" content=\"index, follow, max-snippet:-1, max-image-preview:large, max-video-preview:-1\" \/>\n<link rel=\"canonical\" href=\"https:\/\/exponor.cl\/en\/2024\/05\/23\/suiza-vuelve-como-pabellon-pais-en-exponor-2024\/\" \/>\n<meta property=\"og:locale\" content=\"en_US\" \/>\n<meta property=\"og:type\" content=\"article\" \/>\n<meta property=\"og:title\" content=\"Suiza vuelve como pabell\u00f3n pa\u00eds en EXPONOR 2024 - EXPONOR\" \/>\n<meta property=\"og:description\" content=\"14 empresas tendr\u00e1 la delegaci\u00f3n internacional, que se ubicar\u00e1 en el Pabell\u00f3n Oro con propuestas enfocadas en Alta Precisi\u00f3n y Tecnolog\u00eda al servicio del sector minero y energ\u00e9tico. Con la presencia de la Secretaria de Estado de Econom\u00eda Helene Budliger y del Embajador en Chile Markus Dutly, Suiza inaugurar\u00e1 su pabell\u00f3n en EXPONOR que vuelve [&hellip;]\" \/>\n<meta property=\"og:url\" content=\"https:\/\/exponor.cl\/en\/2024\/05\/23\/suiza-vuelve-como-pabellon-pais-en-exponor-2024\/\" \/>\n<meta property=\"og:site_name\" content=\"EXPONOR\" \/>\n<meta property=\"article:publisher\" content=\"https:\/\/facebook.com\/exponorcl\" \/>\n<meta property=\"article:published_time\" content=\"2024-05-23T21:37:23+00:00\" \/>\n<meta property=\"og:image\" content=\"https:\/\/exponor.cl\/wp-content\/uploads\/2024\/05\/CP-Pabellon-de-Suiza-scaled.jpg\" \/>\n\t<meta property=\"og:image:width\" content=\"2560\" \/>\n\t<meta property=\"og:image:height\" content=\"1280\" \/>\n\t<meta property=\"og:image:type\" content=\"image\/jpeg\" \/>\n<meta name=\"author\" content=\"admin\" \/>\n<meta name=\"twitter:card\" content=\"summary_large_image\" \/>\n<meta name=\"twitter:creator\" content=\"@exponorcl\" \/>\n<meta name=\"twitter:site\" content=\"@exponorcl\" \/>\n<meta name=\"twitter:label1\" content=\"Written by\" \/>\n\t<meta name=\"twitter:data1\" content=\"admin\" \/>\n\t<meta name=\"twitter:label2\" content=\"Est. reading time\" \/>\n\t<meta name=\"twitter:data2\" content=\"2 minutes\" \/>\n<script type=\"application\/ld+json\" class=\"yoast-schema-graph\">{\"@context\":\"https:\\\/\\\/schema.org\",\"@graph\":[{\"@type\":\"Article\",\"@id\":\"https:\\\/\\\/exponor.cl\\\/2024\\\/05\\\/23\\\/suiza-vuelve-como-pabellon-pais-en-exponor-2024\\\/#article\",\"isPartOf\":{\"@id\":\"https:\\\/\\\/exponor.cl\\\/2024\\\/05\\\/23\\\/suiza-vuelve-como-pabellon-pais-en-exponor-2024\\\/\"},\"author\":{\"name\":\"admin\",\"@id\":\"https:\\\/\\\/exponor.cl\\\/#\\\/schema\\\/person\\\/f43dbb34f0c1563f0a03fb8fae81a53b\"},\"headline\":\"Suiza vuelve como pabell\u00f3n pa\u00eds en EXPONOR 2024\",\"datePublished\":\"2024-05-23T21:37:23+00:00\",\"mainEntityOfPage\":{\"@id\":\"https:\\\/\\\/exponor.cl\\\/2024\\\/05\\\/23\\\/suiza-vuelve-como-pabellon-pais-en-exponor-2024\\\/\"},\"wordCount\":764,\"publisher\":{\"@id\":\"https:\\\/\\\/exponor.cl\\\/#organization\"},\"image\":{\"@id\":\"https:\\\/\\\/exponor.cl\\\/2024\\\/05\\\/23\\\/suiza-vuelve-como-pabellon-pais-en-exponor-2024\\\/#primaryimage\"},\"thumbnailUrl\":\"https:\\\/\\\/exponor.cl\\\/wp-content\\\/uploads\\\/2024\\\/05\\\/CP-Pabellon-de-Suiza-scaled.jpg\",\"articleSection\":[\"Antofagasta\",\"Energ\u00eda\",\"EXPONOR2024\",\"IndustriaVerde\"],\"inLanguage\":\"en-US\"},{\"@type\":\"WebPage\",\"@id\":\"https:\\\/\\\/exponor.cl\\\/2024\\\/05\\\/23\\\/suiza-vuelve-como-pabellon-pais-en-exponor-2024\\\/\",\"url\":\"https:\\\/\\\/exponor.cl\\\/2024\\\/05\\\/23\\\/suiza-vuelve-como-pabellon-pais-en-exponor-2024\\\/\",\"name\":\"Suiza vuelve como pabell\u00f3n pa\u00eds en EXPONOR 2024 - EXPONOR\",\"isPartOf\":{\"@id\":\"https:\\\/\\\/exponor.cl\\\/#website\"},\"primaryImageOfPage\":{\"@id\":\"https:\\\/\\\/exponor.cl\\\/2024\\\/05\\\/23\\\/suiza-vuelve-como-pabellon-pais-en-exponor-2024\\\/#primaryimage\"},\"image\":{\"@id\":\"https:\\\/\\\/exponor.cl\\\/2024\\\/05\\\/23\\\/suiza-vuelve-como-pabellon-pais-en-exponor-2024\\\/#primaryimage\"},\"thumbnailUrl\":\"https:\\\/\\\/exponor.cl\\\/wp-content\\\/uploads\\\/2024\\\/05\\\/CP-Pabellon-de-Suiza-scaled.jpg\",\"datePublished\":\"2024-05-23T21:37:23+00:00\",\"breadcrumb\":{\"@id\":\"https:\\\/\\\/exponor.cl\\\/2024\\\/05\\\/23\\\/suiza-vuelve-como-pabellon-pais-en-exponor-2024\\\/#breadcrumb\"},\"inLanguage\":\"en-US\",\"potentialAction\":[{\"@type\":\"ReadAction\",\"target\":[\"https:\\\/\\\/exponor.cl\\\/2024\\\/05\\\/23\\\/suiza-vuelve-como-pabellon-pais-en-exponor-2024\\\/\"]}]},{\"@type\":\"ImageObject\",\"inLanguage\":\"en-US\",\"@id\":\"https:\\\/\\\/exponor.cl\\\/2024\\\/05\\\/23\\\/suiza-vuelve-como-pabellon-pais-en-exponor-2024\\\/#primaryimage\",\"url\":\"https:\\\/\\\/exponor.cl\\\/wp-content\\\/uploads\\\/2024\\\/05\\\/CP-Pabellon-de-Suiza-scaled.jpg\",\"contentUrl\":\"https:\\\/\\\/exponor.cl\\\/wp-content\\\/uploads\\\/2024\\\/05\\\/CP-Pabellon-de-Suiza-scaled.jpg\",\"width\":2560,\"height\":1280},{\"@type\":\"BreadcrumbList\",\"@id\":\"https:\\\/\\\/exponor.cl\\\/2024\\\/05\\\/23\\\/suiza-vuelve-como-pabellon-pais-en-exponor-2024\\\/#breadcrumb\",\"itemListElement\":[{\"@type\":\"ListItem\",\"position\":1,\"name\":\"Portada\",\"item\":\"https:\\\/\\\/exponor.cl\\\/\"},{\"@type\":\"ListItem\",\"position\":2,\"name\":\"Suiza vuelve como pabell\u00f3n pa\u00eds en EXPONOR 2024\"}]},{\"@type\":\"WebSite\",\"@id\":\"https:\\\/\\\/exponor.cl\\\/#website\",\"url\":\"https:\\\/\\\/exponor.cl\\\/\",\"name\":\"EXPONOR\",\"description\":\"Exhibici\u00f3n Internacional de Tecnolog\u00edas e Innovaciones para la Industria Minera y Energ\u00e9tica\",\"publisher\":{\"@id\":\"https:\\\/\\\/exponor.cl\\\/#organization\"},\"potentialAction\":[{\"@type\":\"SearchAction\",\"target\":{\"@type\":\"EntryPoint\",\"urlTemplate\":\"https:\\\/\\\/exponor.cl\\\/?s={search_term_string}\"},\"query-input\":{\"@type\":\"PropertyValueSpecification\",\"valueRequired\":true,\"valueName\":\"search_term_string\"}}],\"inLanguage\":\"en-US\"},{\"@type\":\"Organization\",\"@id\":\"https:\\\/\\\/exponor.cl\\\/#organization\",\"name\":\"EXPONOR\",\"url\":\"https:\\\/\\\/exponor.cl\\\/\",\"logo\":{\"@type\":\"ImageObject\",\"inLanguage\":\"en-US\",\"@id\":\"https:\\\/\\\/exponor.cl\\\/#\\\/schema\\\/logo\\\/image\\\/\",\"url\":\"https:\\\/\\\/exponor.cl\\\/wp-content\\\/uploads\\\/2025\\\/03\\\/EXPONOR2026_confecha.png\",\"contentUrl\":\"https:\\\/\\\/exponor.cl\\\/wp-content\\\/uploads\\\/2025\\\/03\\\/EXPONOR2026_confecha.png\",\"width\":2107,\"height\":1061,\"caption\":\"EXPONOR\"},\"image\":{\"@id\":\"https:\\\/\\\/exponor.cl\\\/#\\\/schema\\\/logo\\\/image\\\/\"},\"sameAs\":[\"https:\\\/\\\/facebook.com\\\/exponorcl\",\"https:\\\/\\\/x.com\\\/exponorcl\",\"https:\\\/\\\/cl.linkedin.com\\\/company\\\/exponorcl\",\"https:\\\/\\\/www.instagram.com\\\/exponorcl\\\/\"]},{\"@type\":\"Person\",\"@id\":\"https:\\\/\\\/exponor.cl\\\/#\\\/schema\\\/person\\\/f43dbb34f0c1563f0a03fb8fae81a53b\",\"name\":\"admin\",\"image\":{\"@type\":\"ImageObject\",\"inLanguage\":\"en-US\",\"@id\":\"https:\\\/\\\/secure.gravatar.com\\\/avatar\\\/e397b36c8ccaee2f035941656d2bbba67d084ad6aab1abb7717fd9df0594dd0e?s=96&d=mm&r=g\",\"url\":\"https:\\\/\\\/secure.gravatar.com\\\/avatar\\\/e397b36c8ccaee2f035941656d2bbba67d084ad6aab1abb7717fd9df0594dd0e?s=96&d=mm&r=g\",\"contentUrl\":\"https:\\\/\\\/secure.gravatar.com\\\/avatar\\\/e397b36c8ccaee2f035941656d2bbba67d084ad6aab1abb7717fd9df0594dd0e?s=96&d=mm&r=g\",\"caption\":\"admin\"},\"sameAs\":[\"https:\\\/\\\/exponor.cl\"],\"url\":\"https:\\\/\\\/exponor.cl\\\/en\\\/author\\\/admin\\\/\"}]}<\/script>\n<!-- \/ Yoast SEO plugin. -->","yoast_head_json":{"title":"Suiza vuelve como pabell\u00f3n pa\u00eds en EXPONOR 2024 - EXPONOR","robots":{"index":"index","follow":"follow","max-snippet":"max-snippet:-1","max-image-preview":"max-image-preview:large","max-video-preview":"max-video-preview:-1"},"canonical":"https:\/\/exponor.cl\/en\/2024\/05\/23\/suiza-vuelve-como-pabellon-pais-en-exponor-2024\/","og_locale":"en_US","og_type":"article","og_title":"Suiza vuelve como pabell\u00f3n pa\u00eds en EXPONOR 2024 - EXPONOR","og_description":"14 empresas tendr\u00e1 la delegaci\u00f3n internacional, que se ubicar\u00e1 en el Pabell\u00f3n Oro con propuestas enfocadas en Alta Precisi\u00f3n y Tecnolog\u00eda al servicio del sector minero y energ\u00e9tico. Con la presencia de la Secretaria de Estado de Econom\u00eda Helene Budliger y del Embajador en Chile Markus Dutly, Suiza inaugurar\u00e1 su pabell\u00f3n en EXPONOR que vuelve [&hellip;]","og_url":"https:\/\/exponor.cl\/en\/2024\/05\/23\/suiza-vuelve-como-pabellon-pais-en-exponor-2024\/","og_site_name":"EXPONOR","article_publisher":"https:\/\/facebook.com\/exponorcl","article_published_time":"2024-05-23T21:37:23+00:00","og_image":[{"width":2560,"height":1280,"url":"https:\/\/exponor.cl\/wp-content\/uploads\/2024\/05\/CP-Pabellon-de-Suiza-scaled.jpg","type":"image\/jpeg"}],"author":"admin","twitter_card":"summary_large_image","twitter_creator":"@exponorcl","twitter_site":"@exponorcl","twitter_misc":{"Written by":"admin","Est. reading time":"2 minutes"},"schema":{"@context":"https:\/\/schema.org","@graph":[{"@type":"Article","@id":"https:\/\/exponor.cl\/2024\/05\/23\/suiza-vuelve-como-pabellon-pais-en-exponor-2024\/#article","isPartOf":{"@id":"https:\/\/exponor.cl\/2024\/05\/23\/suiza-vuelve-como-pabellon-pais-en-exponor-2024\/"},"author":{"name":"admin","@id":"https:\/\/exponor.cl\/#\/schema\/person\/f43dbb34f0c1563f0a03fb8fae81a53b"},"headline":"Suiza vuelve como pabell\u00f3n pa\u00eds en EXPONOR 2024","datePublished":"2024-05-23T21:37:23+00:00","mainEntityOfPage":{"@id":"https:\/\/exponor.cl\/2024\/05\/23\/suiza-vuelve-como-pabellon-pais-en-exponor-2024\/"},"wordCount":764,"publisher":{"@id":"https:\/\/exponor.cl\/#organization"},"image":{"@id":"https:\/\/exponor.cl\/2024\/05\/23\/suiza-vuelve-como-pabellon-pais-en-exponor-2024\/#primaryimage"},"thumbnailUrl":"https:\/\/exponor.cl\/wp-content\/uploads\/2024\/05\/CP-Pabellon-de-Suiza-scaled.jpg","articleSection":["Antofagasta","Energ\u00eda","EXPONOR2024","IndustriaVerde"],"inLanguage":"en-US"},{"@type":"WebPage","@id":"https:\/\/exponor.cl\/2024\/05\/23\/suiza-vuelve-como-pabellon-pais-en-exponor-2024\/","url":"https:\/\/exponor.cl\/2024\/05\/23\/suiza-vuelve-como-pabellon-pais-en-exponor-2024\/","name":"Suiza vuelve como pabell\u00f3n pa\u00eds en EXPONOR 2024 - EXPONOR","isPartOf":{"@id":"https:\/\/exponor.cl\/#website"},"primaryImageOfPage":{"@id":"https:\/\/exponor.cl\/2024\/05\/23\/suiza-vuelve-como-pabellon-pais-en-exponor-2024\/#primaryimage"},"image":{"@id":"https:\/\/exponor.cl\/2024\/05\/23\/suiza-vuelve-como-pabellon-pais-en-exponor-2024\/#primaryimage"},"thumbnailUrl":"https:\/\/exponor.cl\/wp-content\/uploads\/2024\/05\/CP-Pabellon-de-Suiza-scaled.jpg","datePublished":"2024-05-23T21:37:23+00:00","breadcrumb":{"@id":"https:\/\/exponor.cl\/2024\/05\/23\/suiza-vuelve-como-pabellon-pais-en-exponor-2024\/#breadcrumb"},"inLanguage":"en-US","potentialAction":[{"@type":"ReadAction","target":["https:\/\/exponor.cl\/2024\/05\/23\/suiza-vuelve-como-pabellon-pais-en-exponor-2024\/"]}]},{"@type":"ImageObject","inLanguage":"en-US","@id":"https:\/\/exponor.cl\/2024\/05\/23\/suiza-vuelve-como-pabellon-pais-en-exponor-2024\/#primaryimage","url":"https:\/\/exponor.cl\/wp-content\/uploads\/2024\/05\/CP-Pabellon-de-Suiza-scaled.jpg","contentUrl":"https:\/\/exponor.cl\/wp-content\/uploads\/2024\/05\/CP-Pabellon-de-Suiza-scaled.jpg","width":2560,"height":1280},{"@type":"BreadcrumbList","@id":"https:\/\/exponor.cl\/2024\/05\/23\/suiza-vuelve-como-pabellon-pais-en-exponor-2024\/#breadcrumb","itemListElement":[{"@type":"ListItem","position":1,"name":"Portada","item":"https:\/\/exponor.cl\/"},{"@type":"ListItem","position":2,"name":"Suiza vuelve como pabell\u00f3n pa\u00eds en EXPONOR 2024"}]},{"@type":"WebSite","@id":"https:\/\/exponor.cl\/#website","url":"https:\/\/exponor.cl\/","name":"EXPONOR","description":"Exhibici\u00f3n Internacional de Tecnolog\u00edas e Innovaciones para la Industria Minera y Energ\u00e9tica","publisher":{"@id":"https:\/\/exponor.cl\/#organization"},"potentialAction":[{"@type":"SearchAction","target":{"@type":"EntryPoint","urlTemplate":"https:\/\/exponor.cl\/?s={search_term_string}"},"query-input":{"@type":"PropertyValueSpecification","valueRequired":true,"valueName":"search_term_string"}}],"inLanguage":"en-US"},{"@type":"Organization","@id":"https:\/\/exponor.cl\/#organization","name":"EXPONOR","url":"https:\/\/exponor.cl\/","logo":{"@type":"ImageObject","inLanguage":"en-US","@id":"https:\/\/exponor.cl\/#\/schema\/logo\/image\/","url":"https:\/\/exponor.cl\/wp-content\/uploads\/2025\/03\/EXPONOR2026_confecha.png","contentUrl":"https:\/\/exponor.cl\/wp-content\/uploads\/2025\/03\/EXPONOR2026_confecha.png","width":2107,"height":1061,"caption":"EXPONOR"},"image":{"@id":"https:\/\/exponor.cl\/#\/schema\/logo\/image\/"},"sameAs":["https:\/\/facebook.com\/exponorcl","https:\/\/x.com\/exponorcl","https:\/\/cl.linkedin.com\/company\/exponorcl","https:\/\/www.instagram.com\/exponorcl\/"]},{"@type":"Person","@id":"https:\/\/exponor.cl\/#\/schema\/person\/f43dbb34f0c1563f0a03fb8fae81a53b","name":"admin","image":{"@type":"ImageObject","inLanguage":"en-US","@id":"https:\/\/secure.gravatar.com\/avatar\/e397b36c8ccaee2f035941656d2bbba67d084ad6aab1abb7717fd9df0594dd0e?s=96&d=mm&r=g","url":"https:\/\/secure.gravatar.com\/avatar\/e397b36c8ccaee2f035941656d2bbba67d084ad6aab1abb7717fd9df0594dd0e?s=96&d=mm&r=g","contentUrl":"https:\/\/secure.gravatar.com\/avatar\/e397b36c8ccaee2f035941656d2bbba67d084ad6aab1abb7717fd9df0594dd0e?s=96&d=mm&r=g","caption":"admin"},"sameAs":["https:\/\/exponor.cl"],"url":"https:\/\/exponor.cl\/en\/author\/admin\/"}]}},"_links":{"self":[{"href":"https:\/\/exponor.cl\/en\/wp-json\/wp\/v2\/posts\/6588","targetHints":{"allow":["GET"]}}],"collection":[{"href":"https:\/\/exponor.cl\/en\/wp-json\/wp\/v2\/posts"}],"about":[{"href":"https:\/\/exponor.cl\/en\/wp-json\/wp\/v2\/types\/post"}],"author":[{"embeddable":true,"href":"https:\/\/exponor.cl\/en\/wp-json\/wp\/v2\/users\/1"}],"replies":[{"embeddable":true,"href":"https:\/\/exponor.cl\/en\/wp-json\/wp\/v2\/comments?post=6588"}],"version-history":[{"count":1,"href":"https:\/\/exponor.cl\/en\/wp-json\/wp\/v2\/posts\/6588\/revisions"}],"predecessor-version":[{"id":6590,"href":"https:\/\/exponor.cl\/en\/wp-json\/wp\/v2\/posts\/6588\/revisions\/6590"}],"wp:featuredmedia":[{"embeddable":true,"href":"https:\/\/exponor.cl\/en\/wp-json\/wp\/v2\/media\/6589"}],"wp:attachment":[{"href":"https:\/\/exponor.cl\/en\/wp-json\/wp\/v2\/media?parent=6588"}],"wp:term":[{"taxonomy":"category","embeddable":true,"href":"https:\/\/exponor.cl\/en\/wp-json\/wp\/v2\/categories?post=6588"},{"taxonomy":"post_tag","embeddable":true,"href":"https:\/\/exponor.cl\/en\/wp-json\/wp\/v2\/tags?post=6588"}],"curies":[{"name":"wp","href":"https:\/\/api.w.org\/{rel}","templated":true}]}}