{"id":431,"date":"2023-04-17T02:39:19","date_gmt":"2023-04-17T05:39:19","guid":{"rendered":"https:\/\/exponor.cl\/?p=431"},"modified":"2023-07-12T11:31:38","modified_gmt":"2023-07-12T14:31:38","slug":"exponor-ya-tiene-fecha03-al-06-de-junio-2024","status":"publish","type":"post","link":"https:\/\/exponor.cl\/en\/2023\/04\/17\/exponor-ya-tiene-fecha03-al-06-de-junio-2024\/","title":{"rendered":"EXPONOR will be held from june 03 to 06, 2024!"},"content":{"rendered":"<p>[et_pb_section fb_built=&#8221;1&#8243; _builder_version=&#8221;4.17.4&#8243; _module_preset=&#8221;default&#8221; custom_padding=&#8221;41px|||||&#8221; da_disable_devices=&#8221;off|off|off&#8221; global_colors_info=&#8221;{}&#8221; theme_builder_area=&#8221;post_content&#8221; da_is_popup=&#8221;off&#8221; da_exit_intent=&#8221;off&#8221; da_has_close=&#8221;on&#8221; da_alt_close=&#8221;off&#8221; da_dark_close=&#8221;off&#8221; da_not_modal=&#8221;on&#8221; da_is_singular=&#8221;off&#8221; da_with_loader=&#8221;off&#8221; da_has_shadow=&#8221;on&#8221;][et_pb_row _builder_version=&#8221;4.17.4&#8243; _module_preset=&#8221;default&#8221; global_colors_info=&#8221;{}&#8221; theme_builder_area=&#8221;post_content&#8221;][et_pb_column type=&#8221;4_4&#8243; _builder_version=&#8221;4.17.4&#8243; _module_preset=&#8221;default&#8221; global_colors_info=&#8221;{}&#8221; theme_builder_area=&#8221;post_content&#8221;][et_pb_text _builder_version=&#8221;4.17.4&#8243; _module_preset=&#8221;default&#8221; header_font=&#8221;Roboto Condensed|700|||||||&#8221; header_font_size=&#8221;36px&#8221; header_2_font=&#8221;Roboto Condensed||||||||&#8221; global_colors_info=&#8221;{}&#8221; theme_builder_area=&#8221;post_content&#8221;]<\/p>\n<h2>Las empresas expositoras y proveedores especializados ya pueden realizar su Save the date! para junio de 2024.<\/h2>\n<p>&nbsp;<\/p>\n<p>Del 03 al 06 de junio del 2024 tendr\u00e1 lugar la vig\u00e9sima edici\u00f3n de EXPONOR, la exhibici\u00f3n t\u00e9cnica y en terreno de la industria minera y energ\u00e9tica por excelencia, que tiene como escenario el coraz\u00f3n minero de Chile, Antofagasta.<\/p>\n<p>As\u00ed, los expositores ya pueden realizar su Save the date! para este evento internacional, que re\u00fane en un mismo espacio a los tomadores de decisi\u00f3n de las principales compa\u00f1\u00edas mineras con las empresas proveedoras especializadas de Chile y el mundo, en una plataforma de vinculaci\u00f3n, oportunidades, innovaci\u00f3n, conocimiento y motor del encadenamiento productivo industrial y minero.<\/p>\n<blockquote>\n<p><em>\u201cEstamos muy felices de anunciar que ya tenemos la fecha de nuestra EXPONOR 2024 y que activamos todo para iniciar la preparaci\u00f3n de este evento, que tiene una trascendencia e impacto significativo para la industria, como un evento clave para el crecimiento econ\u00f3mico y social de la Regi\u00f3n de Antofagasta y el pa\u00eds. Seguimos avanzando nuestras conversaciones respecto al pa\u00eds invitado, lo que compartiremos muy pronto con toda la comunidad nacional e internacional\u201d,<\/em><\/p>\n<p><em><\/em><\/p>\n<p><em><\/em><\/p>\n<p><em><\/em><\/p>\n<p><em><\/em><\/p>\n<p><strong><span style=\"font-size: medium;\">destac\u00f3 Andrea Moreno, Gerenta de EXPONOR Chile, de la Asociaci\u00f3n de Industriales de Antofagasta, AIA.<\/span><\/strong><\/p>\n<\/blockquote>\n<p>Con un programa recargado de experiencias de negocios y soluciones para una industria sostenible, EXPONOR 2024 brindar\u00e1 a sus expositores la oportunidad de interactuar en Rueda de Negocios con compa\u00f1\u00edas mineras e industriales, visitas t\u00e9cnicas, seminarios estrat\u00e9gicos, charlas t\u00e9cnicas, lanzamiento de innovaciones y nuevas tecnolog\u00edas, visitas a las faenas de los principales proyectos mineros y energ\u00e9ticos de la regi\u00f3n, entre otras actividades de vinculaci\u00f3n.<\/p>\n<p>En su reciente edici\u00f3n, EXPONOR dej\u00f3 un positivo balance tras proyectar negocios del orden de los 850 millones de d\u00f3lares por 12 meses, la participaron de 730 expositores provenientes de 28 pa\u00edses, con 10 pabellones internacionales, 2.074 reuniones de negocios con la participaci\u00f3n de 15 compa\u00f1\u00edas mineras, y mucho m\u00e1s, en una gran experiencia.<\/p>\n<p><strong><\/strong><\/p>\n<p>[\/et_pb_text][\/et_pb_column][\/et_pb_row][\/et_pb_section]<\/p>\n","protected":false},"excerpt":{"rendered":"<p>Las empresas expositoras y proveedores especializados ya pueden realizar su Save the date! para junio de 2024.<\/p>","protected":false},"author":1,"featured_media":432,"comment_status":"closed","ping_status":"closed","sticky":false,"template":"","format":"standard","meta":{"_et_pb_use_builder":"on","_et_pb_old_content":"","_et_gb_content_width":"","footnotes":""},"categories":[20,21],"tags":[],"class_list":["post-431","post","type-post","status-publish","format-standard","has-post-thumbnail","hentry","category-exhibicion","category-exponor2024"],"yoast_head":"<!-- This site is optimized with the Yoast SEO plugin v27.5 - https:\/\/yoast.com\/product\/yoast-seo-wordpress\/ -->\n<title>\u00a1EXPONOR ya tiene fecha! 03al 06 de junio de 2024 - EXPONOR<\/title>\n<meta name=\"robots\" content=\"index, follow, max-snippet:-1, max-image-preview:large, max-video-preview:-1\" \/>\n<link rel=\"canonical\" href=\"https:\/\/exponor.cl\/en\/2023\/04\/17\/exponor-ya-tiene-fecha03-al-06-de-junio-2024\/\" \/>\n<meta property=\"og:locale\" content=\"en_US\" \/>\n<meta property=\"og:type\" content=\"article\" \/>\n<meta property=\"og:title\" content=\"\u00a1EXPONOR ya tiene fecha! 03al 06 de junio de 2024 - EXPONOR\" \/>\n<meta property=\"og:description\" content=\"Las empresas expositoras y proveedores especializados ya pueden realizar su Save the date! para junio de 2024.\" \/>\n<meta property=\"og:url\" content=\"https:\/\/exponor.cl\/en\/2023\/04\/17\/exponor-ya-tiene-fecha03-al-06-de-junio-2024\/\" \/>\n<meta property=\"og:site_name\" content=\"EXPONOR\" \/>\n<meta property=\"article:publisher\" content=\"https:\/\/facebook.com\/exponorcl\" \/>\n<meta property=\"article:published_time\" content=\"2023-04-17T05:39:19+00:00\" \/>\n<meta property=\"article:modified_time\" content=\"2023-07-12T14:31:38+00:00\" \/>\n<meta property=\"og:image\" content=\"https:\/\/exponor.cl\/wp-content\/uploads\/2023\/04\/exponor-ya-tiene-fecha.png\" \/>\n\t<meta property=\"og:image:width\" content=\"838\" \/>\n\t<meta property=\"og:image:height\" content=\"838\" \/>\n\t<meta property=\"og:image:type\" content=\"image\/png\" \/>\n<meta name=\"author\" content=\"admin\" \/>\n<meta name=\"twitter:card\" content=\"summary_large_image\" \/>\n<meta name=\"twitter:creator\" content=\"@exponorcl\" \/>\n<meta name=\"twitter:site\" content=\"@exponorcl\" \/>\n<meta name=\"twitter:label1\" content=\"Written by\" \/>\n\t<meta name=\"twitter:data1\" content=\"admin\" \/>\n\t<meta name=\"twitter:label2\" content=\"Est. reading time\" \/>\n\t<meta name=\"twitter:data2\" content=\"2 minutes\" \/>\n<script type=\"application\/ld+json\" class=\"yoast-schema-graph\">{\"@context\":\"https:\\\/\\\/schema.org\",\"@graph\":[{\"@type\":\"Article\",\"@id\":\"https:\\\/\\\/exponor.cl\\\/en\\\/2023\\\/04\\\/17\\\/exponor-ya-tiene-fecha03-al-06-de-junio-2024\\\/#article\",\"isPartOf\":{\"@id\":\"https:\\\/\\\/exponor.cl\\\/en\\\/2023\\\/04\\\/17\\\/exponor-ya-tiene-fecha03-al-06-de-junio-2024\\\/\"},\"author\":{\"name\":\"admin\",\"@id\":\"https:\\\/\\\/exponor.cl\\\/#\\\/schema\\\/person\\\/f43dbb34f0c1563f0a03fb8fae81a53b\"},\"headline\":\"\u00a1EXPONOR ya tiene fecha! 03al 06 de junio de 2024\",\"datePublished\":\"2023-04-17T05:39:19+00:00\",\"dateModified\":\"2023-07-12T14:31:38+00:00\",\"mainEntityOfPage\":{\"@id\":\"https:\\\/\\\/exponor.cl\\\/en\\\/2023\\\/04\\\/17\\\/exponor-ya-tiene-fecha03-al-06-de-junio-2024\\\/\"},\"wordCount\":481,\"publisher\":{\"@id\":\"https:\\\/\\\/exponor.cl\\\/#organization\"},\"image\":{\"@id\":\"https:\\\/\\\/exponor.cl\\\/en\\\/2023\\\/04\\\/17\\\/exponor-ya-tiene-fecha03-al-06-de-junio-2024\\\/#primaryimage\"},\"thumbnailUrl\":\"https:\\\/\\\/exponor.cl\\\/wp-content\\\/uploads\\\/2023\\\/04\\\/exponor-ya-tiene-fecha.png\",\"articleSection\":[\"Exhibici\u00f3n\",\"EXPONOR2024\"],\"inLanguage\":\"en-US\"},{\"@type\":\"WebPage\",\"@id\":\"https:\\\/\\\/exponor.cl\\\/en\\\/2023\\\/04\\\/17\\\/exponor-ya-tiene-fecha03-al-06-de-junio-2024\\\/\",\"url\":\"https:\\\/\\\/exponor.cl\\\/en\\\/2023\\\/04\\\/17\\\/exponor-ya-tiene-fecha03-al-06-de-junio-2024\\\/\",\"name\":\"\u00a1EXPONOR ya tiene fecha! 03al 06 de junio de 2024 - EXPONOR\",\"isPartOf\":{\"@id\":\"https:\\\/\\\/exponor.cl\\\/#website\"},\"primaryImageOfPage\":{\"@id\":\"https:\\\/\\\/exponor.cl\\\/en\\\/2023\\\/04\\\/17\\\/exponor-ya-tiene-fecha03-al-06-de-junio-2024\\\/#primaryimage\"},\"image\":{\"@id\":\"https:\\\/\\\/exponor.cl\\\/en\\\/2023\\\/04\\\/17\\\/exponor-ya-tiene-fecha03-al-06-de-junio-2024\\\/#primaryimage\"},\"thumbnailUrl\":\"https:\\\/\\\/exponor.cl\\\/wp-content\\\/uploads\\\/2023\\\/04\\\/exponor-ya-tiene-fecha.png\",\"datePublished\":\"2023-04-17T05:39:19+00:00\",\"dateModified\":\"2023-07-12T14:31:38+00:00\",\"breadcrumb\":{\"@id\":\"https:\\\/\\\/exponor.cl\\\/en\\\/2023\\\/04\\\/17\\\/exponor-ya-tiene-fecha03-al-06-de-junio-2024\\\/#breadcrumb\"},\"inLanguage\":\"en-US\",\"potentialAction\":[{\"@type\":\"ReadAction\",\"target\":[\"https:\\\/\\\/exponor.cl\\\/en\\\/2023\\\/04\\\/17\\\/exponor-ya-tiene-fecha03-al-06-de-junio-2024\\\/\"]}]},{\"@type\":\"ImageObject\",\"inLanguage\":\"en-US\",\"@id\":\"https:\\\/\\\/exponor.cl\\\/en\\\/2023\\\/04\\\/17\\\/exponor-ya-tiene-fecha03-al-06-de-junio-2024\\\/#primaryimage\",\"url\":\"https:\\\/\\\/exponor.cl\\\/wp-content\\\/uploads\\\/2023\\\/04\\\/exponor-ya-tiene-fecha.png\",\"contentUrl\":\"https:\\\/\\\/exponor.cl\\\/wp-content\\\/uploads\\\/2023\\\/04\\\/exponor-ya-tiene-fecha.png\",\"width\":838,\"height\":838},{\"@type\":\"BreadcrumbList\",\"@id\":\"https:\\\/\\\/exponor.cl\\\/en\\\/2023\\\/04\\\/17\\\/exponor-ya-tiene-fecha03-al-06-de-junio-2024\\\/#breadcrumb\",\"itemListElement\":[{\"@type\":\"ListItem\",\"position\":1,\"name\":\"Portada\",\"item\":\"https:\\\/\\\/exponor.cl\\\/\"},{\"@type\":\"ListItem\",\"position\":2,\"name\":\"\u00a1EXPONOR ya tiene fecha! 03al 06 de junio de 2024\"}]},{\"@type\":\"WebSite\",\"@id\":\"https:\\\/\\\/exponor.cl\\\/#website\",\"url\":\"https:\\\/\\\/exponor.cl\\\/\",\"name\":\"EXPONOR\",\"description\":\"Exhibici\u00f3n Internacional de Tecnolog\u00edas e Innovaciones para la Industria Minera y Energ\u00e9tica\",\"publisher\":{\"@id\":\"https:\\\/\\\/exponor.cl\\\/#organization\"},\"potentialAction\":[{\"@type\":\"SearchAction\",\"target\":{\"@type\":\"EntryPoint\",\"urlTemplate\":\"https:\\\/\\\/exponor.cl\\\/?s={search_term_string}\"},\"query-input\":{\"@type\":\"PropertyValueSpecification\",\"valueRequired\":true,\"valueName\":\"search_term_string\"}}],\"inLanguage\":\"en-US\"},{\"@type\":\"Organization\",\"@id\":\"https:\\\/\\\/exponor.cl\\\/#organization\",\"name\":\"EXPONOR\",\"url\":\"https:\\\/\\\/exponor.cl\\\/\",\"logo\":{\"@type\":\"ImageObject\",\"inLanguage\":\"en-US\",\"@id\":\"https:\\\/\\\/exponor.cl\\\/#\\\/schema\\\/logo\\\/image\\\/\",\"url\":\"https:\\\/\\\/exponor.cl\\\/wp-content\\\/uploads\\\/2025\\\/03\\\/EXPONOR2026_confecha.png\",\"contentUrl\":\"https:\\\/\\\/exponor.cl\\\/wp-content\\\/uploads\\\/2025\\\/03\\\/EXPONOR2026_confecha.png\",\"width\":2107,\"height\":1061,\"caption\":\"EXPONOR\"},\"image\":{\"@id\":\"https:\\\/\\\/exponor.cl\\\/#\\\/schema\\\/logo\\\/image\\\/\"},\"sameAs\":[\"https:\\\/\\\/facebook.com\\\/exponorcl\",\"https:\\\/\\\/x.com\\\/exponorcl\",\"https:\\\/\\\/cl.linkedin.com\\\/company\\\/exponorcl\",\"https:\\\/\\\/www.instagram.com\\\/exponorcl\\\/\"]},{\"@type\":\"Person\",\"@id\":\"https:\\\/\\\/exponor.cl\\\/#\\\/schema\\\/person\\\/f43dbb34f0c1563f0a03fb8fae81a53b\",\"name\":\"admin\",\"image\":{\"@type\":\"ImageObject\",\"inLanguage\":\"en-US\",\"@id\":\"https:\\\/\\\/secure.gravatar.com\\\/avatar\\\/e397b36c8ccaee2f035941656d2bbba67d084ad6aab1abb7717fd9df0594dd0e?s=96&d=mm&r=g\",\"url\":\"https:\\\/\\\/secure.gravatar.com\\\/avatar\\\/e397b36c8ccaee2f035941656d2bbba67d084ad6aab1abb7717fd9df0594dd0e?s=96&d=mm&r=g\",\"contentUrl\":\"https:\\\/\\\/secure.gravatar.com\\\/avatar\\\/e397b36c8ccaee2f035941656d2bbba67d084ad6aab1abb7717fd9df0594dd0e?s=96&d=mm&r=g\",\"caption\":\"admin\"},\"sameAs\":[\"https:\\\/\\\/exponor.cl\"],\"url\":\"https:\\\/\\\/exponor.cl\\\/en\\\/author\\\/admin\\\/\"}]}<\/script>\n<!-- \/ Yoast SEO plugin. -->","yoast_head_json":{"title":"\u00a1EXPONOR ya tiene fecha! 03al 06 de junio de 2024 - EXPONOR","robots":{"index":"index","follow":"follow","max-snippet":"max-snippet:-1","max-image-preview":"max-image-preview:large","max-video-preview":"max-video-preview:-1"},"canonical":"https:\/\/exponor.cl\/en\/2023\/04\/17\/exponor-ya-tiene-fecha03-al-06-de-junio-2024\/","og_locale":"en_US","og_type":"article","og_title":"\u00a1EXPONOR ya tiene fecha! 03al 06 de junio de 2024 - EXPONOR","og_description":"Las empresas expositoras y proveedores especializados ya pueden realizar su Save the date! para junio de 2024.","og_url":"https:\/\/exponor.cl\/en\/2023\/04\/17\/exponor-ya-tiene-fecha03-al-06-de-junio-2024\/","og_site_name":"EXPONOR","article_publisher":"https:\/\/facebook.com\/exponorcl","article_published_time":"2023-04-17T05:39:19+00:00","article_modified_time":"2023-07-12T14:31:38+00:00","og_image":[{"width":838,"height":838,"url":"https:\/\/exponor.cl\/wp-content\/uploads\/2023\/04\/exponor-ya-tiene-fecha.png","type":"image\/png"}],"author":"admin","twitter_card":"summary_large_image","twitter_creator":"@exponorcl","twitter_site":"@exponorcl","twitter_misc":{"Written by":"admin","Est. reading time":"2 minutes"},"schema":{"@context":"https:\/\/schema.org","@graph":[{"@type":"Article","@id":"https:\/\/exponor.cl\/en\/2023\/04\/17\/exponor-ya-tiene-fecha03-al-06-de-junio-2024\/#article","isPartOf":{"@id":"https:\/\/exponor.cl\/en\/2023\/04\/17\/exponor-ya-tiene-fecha03-al-06-de-junio-2024\/"},"author":{"name":"admin","@id":"https:\/\/exponor.cl\/#\/schema\/person\/f43dbb34f0c1563f0a03fb8fae81a53b"},"headline":"\u00a1EXPONOR ya tiene fecha! 03al 06 de junio de 2024","datePublished":"2023-04-17T05:39:19+00:00","dateModified":"2023-07-12T14:31:38+00:00","mainEntityOfPage":{"@id":"https:\/\/exponor.cl\/en\/2023\/04\/17\/exponor-ya-tiene-fecha03-al-06-de-junio-2024\/"},"wordCount":481,"publisher":{"@id":"https:\/\/exponor.cl\/#organization"},"image":{"@id":"https:\/\/exponor.cl\/en\/2023\/04\/17\/exponor-ya-tiene-fecha03-al-06-de-junio-2024\/#primaryimage"},"thumbnailUrl":"https:\/\/exponor.cl\/wp-content\/uploads\/2023\/04\/exponor-ya-tiene-fecha.png","articleSection":["Exhibici\u00f3n","EXPONOR2024"],"inLanguage":"en-US"},{"@type":"WebPage","@id":"https:\/\/exponor.cl\/en\/2023\/04\/17\/exponor-ya-tiene-fecha03-al-06-de-junio-2024\/","url":"https:\/\/exponor.cl\/en\/2023\/04\/17\/exponor-ya-tiene-fecha03-al-06-de-junio-2024\/","name":"\u00a1EXPONOR ya tiene fecha! 03al 06 de junio de 2024 - EXPONOR","isPartOf":{"@id":"https:\/\/exponor.cl\/#website"},"primaryImageOfPage":{"@id":"https:\/\/exponor.cl\/en\/2023\/04\/17\/exponor-ya-tiene-fecha03-al-06-de-junio-2024\/#primaryimage"},"image":{"@id":"https:\/\/exponor.cl\/en\/2023\/04\/17\/exponor-ya-tiene-fecha03-al-06-de-junio-2024\/#primaryimage"},"thumbnailUrl":"https:\/\/exponor.cl\/wp-content\/uploads\/2023\/04\/exponor-ya-tiene-fecha.png","datePublished":"2023-04-17T05:39:19+00:00","dateModified":"2023-07-12T14:31:38+00:00","breadcrumb":{"@id":"https:\/\/exponor.cl\/en\/2023\/04\/17\/exponor-ya-tiene-fecha03-al-06-de-junio-2024\/#breadcrumb"},"inLanguage":"en-US","potentialAction":[{"@type":"ReadAction","target":["https:\/\/exponor.cl\/en\/2023\/04\/17\/exponor-ya-tiene-fecha03-al-06-de-junio-2024\/"]}]},{"@type":"ImageObject","inLanguage":"en-US","@id":"https:\/\/exponor.cl\/en\/2023\/04\/17\/exponor-ya-tiene-fecha03-al-06-de-junio-2024\/#primaryimage","url":"https:\/\/exponor.cl\/wp-content\/uploads\/2023\/04\/exponor-ya-tiene-fecha.png","contentUrl":"https:\/\/exponor.cl\/wp-content\/uploads\/2023\/04\/exponor-ya-tiene-fecha.png","width":838,"height":838},{"@type":"BreadcrumbList","@id":"https:\/\/exponor.cl\/en\/2023\/04\/17\/exponor-ya-tiene-fecha03-al-06-de-junio-2024\/#breadcrumb","itemListElement":[{"@type":"ListItem","position":1,"name":"Portada","item":"https:\/\/exponor.cl\/"},{"@type":"ListItem","position":2,"name":"\u00a1EXPONOR ya tiene fecha! 03al 06 de junio de 2024"}]},{"@type":"WebSite","@id":"https:\/\/exponor.cl\/#website","url":"https:\/\/exponor.cl\/","name":"EXPONOR","description":"Exhibici\u00f3n Internacional de Tecnolog\u00edas e Innovaciones para la Industria Minera y Energ\u00e9tica","publisher":{"@id":"https:\/\/exponor.cl\/#organization"},"potentialAction":[{"@type":"SearchAction","target":{"@type":"EntryPoint","urlTemplate":"https:\/\/exponor.cl\/?s={search_term_string}"},"query-input":{"@type":"PropertyValueSpecification","valueRequired":true,"valueName":"search_term_string"}}],"inLanguage":"en-US"},{"@type":"Organization","@id":"https:\/\/exponor.cl\/#organization","name":"EXPONOR","url":"https:\/\/exponor.cl\/","logo":{"@type":"ImageObject","inLanguage":"en-US","@id":"https:\/\/exponor.cl\/#\/schema\/logo\/image\/","url":"https:\/\/exponor.cl\/wp-content\/uploads\/2025\/03\/EXPONOR2026_confecha.png","contentUrl":"https:\/\/exponor.cl\/wp-content\/uploads\/2025\/03\/EXPONOR2026_confecha.png","width":2107,"height":1061,"caption":"EXPONOR"},"image":{"@id":"https:\/\/exponor.cl\/#\/schema\/logo\/image\/"},"sameAs":["https:\/\/facebook.com\/exponorcl","https:\/\/x.com\/exponorcl","https:\/\/cl.linkedin.com\/company\/exponorcl","https:\/\/www.instagram.com\/exponorcl\/"]},{"@type":"Person","@id":"https:\/\/exponor.cl\/#\/schema\/person\/f43dbb34f0c1563f0a03fb8fae81a53b","name":"admin","image":{"@type":"ImageObject","inLanguage":"en-US","@id":"https:\/\/secure.gravatar.com\/avatar\/e397b36c8ccaee2f035941656d2bbba67d084ad6aab1abb7717fd9df0594dd0e?s=96&d=mm&r=g","url":"https:\/\/secure.gravatar.com\/avatar\/e397b36c8ccaee2f035941656d2bbba67d084ad6aab1abb7717fd9df0594dd0e?s=96&d=mm&r=g","contentUrl":"https:\/\/secure.gravatar.com\/avatar\/e397b36c8ccaee2f035941656d2bbba67d084ad6aab1abb7717fd9df0594dd0e?s=96&d=mm&r=g","caption":"admin"},"sameAs":["https:\/\/exponor.cl"],"url":"https:\/\/exponor.cl\/en\/author\/admin\/"}]}},"_links":{"self":[{"href":"https:\/\/exponor.cl\/en\/wp-json\/wp\/v2\/posts\/431","targetHints":{"allow":["GET"]}}],"collection":[{"href":"https:\/\/exponor.cl\/en\/wp-json\/wp\/v2\/posts"}],"about":[{"href":"https:\/\/exponor.cl\/en\/wp-json\/wp\/v2\/types\/post"}],"author":[{"embeddable":true,"href":"https:\/\/exponor.cl\/en\/wp-json\/wp\/v2\/users\/1"}],"replies":[{"embeddable":true,"href":"https:\/\/exponor.cl\/en\/wp-json\/wp\/v2\/comments?post=431"}],"version-history":[{"count":7,"href":"https:\/\/exponor.cl\/en\/wp-json\/wp\/v2\/posts\/431\/revisions"}],"predecessor-version":[{"id":2946,"href":"https:\/\/exponor.cl\/en\/wp-json\/wp\/v2\/posts\/431\/revisions\/2946"}],"wp:featuredmedia":[{"embeddable":true,"href":"https:\/\/exponor.cl\/en\/wp-json\/wp\/v2\/media\/432"}],"wp:attachment":[{"href":"https:\/\/exponor.cl\/en\/wp-json\/wp\/v2\/media?parent=431"}],"wp:term":[{"taxonomy":"category","embeddable":true,"href":"https:\/\/exponor.cl\/en\/wp-json\/wp\/v2\/categories?post=431"},{"taxonomy":"post_tag","embeddable":true,"href":"https:\/\/exponor.cl\/en\/wp-json\/wp\/v2\/tags?post=431"}],"curies":[{"name":"wp","href":"https:\/\/api.w.org\/{rel}","templated":true}]}}