{"id":4075,"date":"2023-12-29T10:00:00","date_gmt":"2023-12-29T13:00:00","guid":{"rendered":"https:\/\/exponor.cl\/?p=4075"},"modified":"2024-02-01T11:32:35","modified_gmt":"2024-02-01T14:32:35","slug":"exponor-busca-aumentar-capacidad-hotelera-y-suma-departamentos-y-casas-a-su-oferta","status":"publish","type":"post","link":"https:\/\/exponor.cl\/en\/2023\/12\/29\/exponor-busca-aumentar-capacidad-hotelera-y-suma-departamentos-y-casas-a-su-oferta\/","title":{"rendered":"EXPONOR busca aumentar capacidad hotelera y suma departamentos y casas a su oferta"},"content":{"rendered":"<ul class=\"wp-block-list\">\n<li><em>Los interesados en poner en arriendo su inmueble para los d\u00edas de EXPONOR 2024, deber\u00e1n canalizar su requerimiento a la organizaci\u00f3n, a fin de validar el est\u00e1ndar requerido para el evento internacional.<\/em><\/li>\n<\/ul>\n\n\n\n<p>Dada la gran cantidad de expositores y visitantes que atrae EXPONOR a Antofagasta, es que se suele copar la capacidad hotelera con la que cuenta la ciudad. Solo en EXPONOR 2022 fueron 40.500 los visitantes, con casi 800 empresas expositoras de 30 pa\u00edses, quienes vinieron con gran parte de su equipo a instalarse en la capital regional.<\/p>\n\n\n\n<p>Para 2024 se espera sobrepasar estos n\u00fameros, pues se proyectan m\u00e1s de 850 expositores provenientes de todo el mundo, ya que actualmente hay m\u00e1s de 80%, entre stands vendidos y reservados, en EXPONOR y m\u00e1s de 15 delegaciones internacionales. Por lo que se espera una potente instancia de relacionamiento y concreci\u00f3n de negocios, con un alto flujo de personas, lo que hace previsible que la hoteler\u00eda no sea capaz de suplir esta demanda, considerando la actividad que genera la exhibici\u00f3n.<\/p>\n\n\n\n<p>EXPONOR se fij\u00f3 en esto y por ello viene trabajando desde hace varios a\u00f1os con la comunidad, invit\u00e1ndolos a poner a disposici\u00f3n sus casas y departamentos, para que ejecutivos de empresas puedan alojarse.<\/p>\n\n\n\n<p>Ah\u00ed es donde entran las corredoras de propiedades, \u201c<em>es un apoyo anexo al \u00e1rea de alojamiento de EXPONOR, es decir, EXPONOR cuenta con toda el \u00e1rea hotelera de la ciudad de Antofagasta los d\u00edas que dure la exhibici\u00f3n, pero, es tan grande el movimiento econ\u00f3mico, que los alojamientos no dan abasto. Es ah\u00ed cuando EXPONOR pide el apoyo de las corredoras acreditadas, quienes ayudan con alojamientos particulares<\/em>\u201d, asegura Paola Gonz\u00e1lez, due\u00f1a de Roma Inmobiliaria y una de las corredoras acreditadas que participa con EXPONOR.<\/p>\n\n\n\n<p>Personas naturales, propietarias de casas o departamentos de la ciudad de Antofagasta, pueden postular su propiedad para ser parte de esta oferta, a <a href=\"mailto:alojamiento@exponor.cl\">alojamiento@exponor.cl<\/a>. Se debe detallar la cantidad de habitaciones, ba\u00f1os y ubicaci\u00f3n del hogar, entre otras caracter\u00edsticas.<\/p>\n\n\n\n<p>La corredora de propiedades asignada realizar\u00e1 la validaci\u00f3n de la vivienda, para que una vez aceptada, pueda quedar a disposici\u00f3n de arriendo por los d\u00edas que dure EXPONOR 2024, del pr\u00f3ximo 3 al 6 de junio. No obstante, cabe se\u00f1alar que los procesos de montaje y desmontaje de la misma, podr\u00eda alargar la estad\u00eda.<\/p>\n\n\n\n<blockquote class=\"wp-block-quote is-layout-flow wp-block-quote-is-layout-flow\">\n<p class=\"has-text-color has-link-color wp-elements-fe65b51af5305a8e5414c07bdcc9863a\" style=\"color:#0096d7\"><em>&#8220;Como organizaci\u00f3n velamos porque nuestros expositores y visitantes tengan la mejor experiencia en el destino, desde que aterrizan en el aeropuerto y hasta el retorno a sus hogares. Y justamente el alojamiento es uno de los factores cr\u00edticos para nosotros, toda vez que como ciudad debemos ser capaces de atender toda la demanda requerida y con precios competitivos, para que este evento internacional perdure en el tiempo\u201d<\/em>, asever\u00f3 Alicia Reyes, Subgerente de EXPONOR.<\/p>\n<\/blockquote>\n\n\n\n<p class=\"has-text-color has-link-color wp-elements-121ba12c650301154ed3c751b5a7b913\" style=\"color:#2c4d98;font-size:30px\"><strong>Beneficios para el due\u00f1o<\/strong><\/p>\n\n\n\n<p>Es un servicio completo, por lo que las corredoras se encargan de brindar la mejor experiencia al expositor y est\u00e1n pendientes las 24 horas del d\u00eda, tanto del due\u00f1o de casa como del inquilino, el que puede ser nacional o extranjero. Son responsables del inmueble y se rigen mediante contrato; el precio se establece de com\u00fan acuerdo entre el propietario y las corredoras, siguiendo una tarifa est\u00e1ndar consensuada con el organizador, a fin de contar con precios competitivos respecto del sector hotelero.<\/p>\n\n\n\n<blockquote class=\"wp-block-quote has-text-color has-link-color wp-elements-82585f0c0bf4d9b75ff5a0b95d0d2edf is-layout-flow wp-block-quote-is-layout-flow\" style=\"color:#0096d7\">\n<p>\u201c<em>Para el due\u00f1o es una tranquilidad trabajar con nosotros, tiene la seguridad y un respaldo porque vamos todos los d\u00edas, entregamos servicio de limpieza y algunas veces desayuno, dependiendo de lo que quiera el expositor o visitante. Nosotros nos preocupamos de que ellos vuelvan a descansar a un lugar tranquilo y sean bien atendidos. Tambi\u00e9n le hacemos alguna atenci\u00f3n especial y, por mi parte, les entrego un vino de bienvenida<\/em>\u201d, dijo la due\u00f1a de Roma Inmobiliaria, a\u00f1adiendo que se preparan con cinco meses de anticipaci\u00f3n para este evento.<\/p>\n<\/blockquote>\n\n\n\n<p class=\"has-text-color has-link-color wp-elements-f1e649c404ea3e129a6da7a3f740cda3\" style=\"color:#2c4d98;font-size:30px\"><strong>Location<\/strong><\/p>\n\n\n\n<p>Y al tener lugar EXPONOR en el extremo norte de la ciudad, en el Recinto Ferial y de Actividades Comunitarias AIA, estas viviendas deben cumplir con una cierta ubicaci\u00f3n que aseguren el traslado eficiente de los expositores, a trav\u00e9s de los buses de acercamiento dispuestos por la organizaci\u00f3n. As\u00ed como tener cercan\u00eda con servicios como restaurantes o supermercados.<\/p>\n\n\n\n<p>Las ubicaciones m\u00e1s demandadas se enmarcan desde el sector de Cerro Paranal en el sur, hasta Costa Laguna por el norte. Y entre la costanera de la ciudad y Av. Argentina, o Pedro Aguirre Cerda, por el lado este.<\/p>\n\n\n\n<p>EXPONOR 2024 -<strong>june 3 \u2013 6<\/strong>&#8211; cuenta con el respaldo de sus socios estrat\u00e9gicos Albemarle, Antofagasta Minerals, CODELCO, Escondida|BHP, GLENCORE, Minera El Abra, Pan American Silver, Sierra Gorda SCM, Spence|BHP y SQM, junto al patrocinio de APRIMIN, Consejo Minero, Generadoras de Chile, InvestChile, Ministerios de Econom\u00eda, Miner\u00eda y Energ\u00eda, Gobierno Regional, ProChile, SOFOFA y SONAMI, y sus medios oficiales son Miner\u00eda Chilena, Reporte Minero y El Mercurio de Antofagasta. Asegura tu stand en: reservas@exponor.cl &#8211; 552 454 335.<\/p>\n\n\n\n<p>EXPONOR 2024... Solutions for a sustainable industry.<\/p>\n\n\n\n<p class=\"has-text-align-right\">Antofagasta, 29 de diciembre de 2023.<\/p>","protected":false},"excerpt":{"rendered":"<p>Dada la gran cantidad de expositores y visitantes que atrae EXPONOR a Antofagasta, es que se suele copar la capacidad hotelera con la que cuenta la ciudad. Solo en EXPONOR 2022 fueron 40.500 los visitantes, con casi 800 empresas expositoras de 30 pa\u00edses, quienes vinieron con gran parte de su equipo a instalarse en la [&hellip;]<\/p>\n","protected":false},"author":1,"featured_media":4303,"comment_status":"closed","ping_status":"closed","sticky":false,"template":"","format":"standard","meta":{"_et_pb_use_builder":"off","_et_pb_old_content":"","_et_gb_content_width":"","footnotes":""},"categories":[38,20,21],"tags":[],"class_list":["post-4075","post","type-post","status-publish","format-standard","has-post-thumbnail","hentry","category-antofagasta","category-exhibicion","category-exponor2024"],"yoast_head":"<!-- This site is optimized with the Yoast SEO plugin v27.5 - https:\/\/yoast.com\/product\/yoast-seo-wordpress\/ -->\n<title>EXPONOR busca aumentar capacidad hotelera y suma departamentos y casas a su oferta - EXPONOR<\/title>\n<meta name=\"robots\" content=\"index, follow, max-snippet:-1, max-image-preview:large, max-video-preview:-1\" \/>\n<link rel=\"canonical\" href=\"https:\/\/exponor.cl\/en\/2023\/12\/29\/exponor-busca-aumentar-capacidad-hotelera-y-suma-departamentos-y-casas-a-su-oferta\/\" \/>\n<meta property=\"og:locale\" content=\"en_US\" \/>\n<meta property=\"og:type\" content=\"article\" \/>\n<meta property=\"og:title\" content=\"EXPONOR busca aumentar capacidad hotelera y suma departamentos y casas a su oferta - EXPONOR\" \/>\n<meta property=\"og:description\" content=\"Dada la gran cantidad de expositores y visitantes que atrae EXPONOR a Antofagasta, es que se suele copar la capacidad hotelera con la que cuenta la ciudad. Solo en EXPONOR 2022 fueron 40.500 los visitantes, con casi 800 empresas expositoras de 30 pa\u00edses, quienes vinieron con gran parte de su equipo a instalarse en la [&hellip;]\" \/>\n<meta property=\"og:url\" content=\"https:\/\/exponor.cl\/en\/2023\/12\/29\/exponor-busca-aumentar-capacidad-hotelera-y-suma-departamentos-y-casas-a-su-oferta\/\" \/>\n<meta property=\"og:site_name\" content=\"EXPONOR\" \/>\n<meta property=\"article:publisher\" content=\"https:\/\/facebook.com\/exponorcl\" \/>\n<meta property=\"article:published_time\" content=\"2023-12-29T13:00:00+00:00\" \/>\n<meta property=\"article:modified_time\" content=\"2024-02-01T14:32:35+00:00\" \/>\n<meta property=\"og:image\" content=\"https:\/\/exponor.cl\/wp-content\/uploads\/2023\/12\/Fotos-noticia-capacidad-hotelera-1024x474.png\" \/>\n\t<meta property=\"og:image:width\" content=\"1024\" \/>\n\t<meta property=\"og:image:height\" content=\"474\" \/>\n\t<meta property=\"og:image:type\" content=\"image\/png\" \/>\n<meta name=\"author\" content=\"admin\" \/>\n<meta name=\"twitter:card\" content=\"summary_large_image\" \/>\n<meta name=\"twitter:creator\" content=\"@exponorcl\" \/>\n<meta name=\"twitter:site\" content=\"@exponorcl\" \/>\n<meta name=\"twitter:label1\" content=\"Written by\" \/>\n\t<meta name=\"twitter:data1\" content=\"admin\" \/>\n\t<meta name=\"twitter:label2\" content=\"Est. reading time\" \/>\n\t<meta name=\"twitter:data2\" content=\"4 minutes\" \/>\n<script type=\"application\/ld+json\" class=\"yoast-schema-graph\">{\"@context\":\"https:\\\/\\\/schema.org\",\"@graph\":[{\"@type\":\"Article\",\"@id\":\"https:\\\/\\\/exponor.cl\\\/2023\\\/12\\\/29\\\/exponor-busca-aumentar-capacidad-hotelera-y-suma-departamentos-y-casas-a-su-oferta\\\/#article\",\"isPartOf\":{\"@id\":\"https:\\\/\\\/exponor.cl\\\/2023\\\/12\\\/29\\\/exponor-busca-aumentar-capacidad-hotelera-y-suma-departamentos-y-casas-a-su-oferta\\\/\"},\"author\":{\"name\":\"admin\",\"@id\":\"https:\\\/\\\/exponor.cl\\\/#\\\/schema\\\/person\\\/f43dbb34f0c1563f0a03fb8fae81a53b\"},\"headline\":\"EXPONOR busca aumentar capacidad hotelera y suma departamentos y casas a su oferta\",\"datePublished\":\"2023-12-29T13:00:00+00:00\",\"dateModified\":\"2024-02-01T14:32:35+00:00\",\"mainEntityOfPage\":{\"@id\":\"https:\\\/\\\/exponor.cl\\\/2023\\\/12\\\/29\\\/exponor-busca-aumentar-capacidad-hotelera-y-suma-departamentos-y-casas-a-su-oferta\\\/\"},\"wordCount\":870,\"publisher\":{\"@id\":\"https:\\\/\\\/exponor.cl\\\/#organization\"},\"image\":{\"@id\":\"https:\\\/\\\/exponor.cl\\\/2023\\\/12\\\/29\\\/exponor-busca-aumentar-capacidad-hotelera-y-suma-departamentos-y-casas-a-su-oferta\\\/#primaryimage\"},\"thumbnailUrl\":\"https:\\\/\\\/exponor.cl\\\/wp-content\\\/uploads\\\/2023\\\/12\\\/Fotos-noticia-capacidad-hotelera.png\",\"articleSection\":[\"Antofagasta\",\"Exhibici\u00f3n\",\"EXPONOR2024\"],\"inLanguage\":\"en-US\"},{\"@type\":\"WebPage\",\"@id\":\"https:\\\/\\\/exponor.cl\\\/2023\\\/12\\\/29\\\/exponor-busca-aumentar-capacidad-hotelera-y-suma-departamentos-y-casas-a-su-oferta\\\/\",\"url\":\"https:\\\/\\\/exponor.cl\\\/2023\\\/12\\\/29\\\/exponor-busca-aumentar-capacidad-hotelera-y-suma-departamentos-y-casas-a-su-oferta\\\/\",\"name\":\"EXPONOR busca aumentar capacidad hotelera y suma departamentos y casas a su oferta - EXPONOR\",\"isPartOf\":{\"@id\":\"https:\\\/\\\/exponor.cl\\\/#website\"},\"primaryImageOfPage\":{\"@id\":\"https:\\\/\\\/exponor.cl\\\/2023\\\/12\\\/29\\\/exponor-busca-aumentar-capacidad-hotelera-y-suma-departamentos-y-casas-a-su-oferta\\\/#primaryimage\"},\"image\":{\"@id\":\"https:\\\/\\\/exponor.cl\\\/2023\\\/12\\\/29\\\/exponor-busca-aumentar-capacidad-hotelera-y-suma-departamentos-y-casas-a-su-oferta\\\/#primaryimage\"},\"thumbnailUrl\":\"https:\\\/\\\/exponor.cl\\\/wp-content\\\/uploads\\\/2023\\\/12\\\/Fotos-noticia-capacidad-hotelera.png\",\"datePublished\":\"2023-12-29T13:00:00+00:00\",\"dateModified\":\"2024-02-01T14:32:35+00:00\",\"breadcrumb\":{\"@id\":\"https:\\\/\\\/exponor.cl\\\/2023\\\/12\\\/29\\\/exponor-busca-aumentar-capacidad-hotelera-y-suma-departamentos-y-casas-a-su-oferta\\\/#breadcrumb\"},\"inLanguage\":\"en-US\",\"potentialAction\":[{\"@type\":\"ReadAction\",\"target\":[\"https:\\\/\\\/exponor.cl\\\/2023\\\/12\\\/29\\\/exponor-busca-aumentar-capacidad-hotelera-y-suma-departamentos-y-casas-a-su-oferta\\\/\"]}]},{\"@type\":\"ImageObject\",\"inLanguage\":\"en-US\",\"@id\":\"https:\\\/\\\/exponor.cl\\\/2023\\\/12\\\/29\\\/exponor-busca-aumentar-capacidad-hotelera-y-suma-departamentos-y-casas-a-su-oferta\\\/#primaryimage\",\"url\":\"https:\\\/\\\/exponor.cl\\\/wp-content\\\/uploads\\\/2023\\\/12\\\/Fotos-noticia-capacidad-hotelera.png\",\"contentUrl\":\"https:\\\/\\\/exponor.cl\\\/wp-content\\\/uploads\\\/2023\\\/12\\\/Fotos-noticia-capacidad-hotelera.png\",\"width\":3334,\"height\":1542},{\"@type\":\"BreadcrumbList\",\"@id\":\"https:\\\/\\\/exponor.cl\\\/2023\\\/12\\\/29\\\/exponor-busca-aumentar-capacidad-hotelera-y-suma-departamentos-y-casas-a-su-oferta\\\/#breadcrumb\",\"itemListElement\":[{\"@type\":\"ListItem\",\"position\":1,\"name\":\"Portada\",\"item\":\"https:\\\/\\\/exponor.cl\\\/\"},{\"@type\":\"ListItem\",\"position\":2,\"name\":\"EXPONOR busca aumentar capacidad hotelera y suma departamentos y casas a su oferta\"}]},{\"@type\":\"WebSite\",\"@id\":\"https:\\\/\\\/exponor.cl\\\/#website\",\"url\":\"https:\\\/\\\/exponor.cl\\\/\",\"name\":\"EXPONOR\",\"description\":\"Exhibici\u00f3n Internacional de Tecnolog\u00edas e Innovaciones para la Industria Minera y Energ\u00e9tica\",\"publisher\":{\"@id\":\"https:\\\/\\\/exponor.cl\\\/#organization\"},\"potentialAction\":[{\"@type\":\"SearchAction\",\"target\":{\"@type\":\"EntryPoint\",\"urlTemplate\":\"https:\\\/\\\/exponor.cl\\\/?s={search_term_string}\"},\"query-input\":{\"@type\":\"PropertyValueSpecification\",\"valueRequired\":true,\"valueName\":\"search_term_string\"}}],\"inLanguage\":\"en-US\"},{\"@type\":\"Organization\",\"@id\":\"https:\\\/\\\/exponor.cl\\\/#organization\",\"name\":\"EXPONOR\",\"url\":\"https:\\\/\\\/exponor.cl\\\/\",\"logo\":{\"@type\":\"ImageObject\",\"inLanguage\":\"en-US\",\"@id\":\"https:\\\/\\\/exponor.cl\\\/#\\\/schema\\\/logo\\\/image\\\/\",\"url\":\"https:\\\/\\\/exponor.cl\\\/wp-content\\\/uploads\\\/2025\\\/03\\\/EXPONOR2026_confecha.png\",\"contentUrl\":\"https:\\\/\\\/exponor.cl\\\/wp-content\\\/uploads\\\/2025\\\/03\\\/EXPONOR2026_confecha.png\",\"width\":2107,\"height\":1061,\"caption\":\"EXPONOR\"},\"image\":{\"@id\":\"https:\\\/\\\/exponor.cl\\\/#\\\/schema\\\/logo\\\/image\\\/\"},\"sameAs\":[\"https:\\\/\\\/facebook.com\\\/exponorcl\",\"https:\\\/\\\/x.com\\\/exponorcl\",\"https:\\\/\\\/cl.linkedin.com\\\/company\\\/exponorcl\",\"https:\\\/\\\/www.instagram.com\\\/exponorcl\\\/\"]},{\"@type\":\"Person\",\"@id\":\"https:\\\/\\\/exponor.cl\\\/#\\\/schema\\\/person\\\/f43dbb34f0c1563f0a03fb8fae81a53b\",\"name\":\"admin\",\"image\":{\"@type\":\"ImageObject\",\"inLanguage\":\"en-US\",\"@id\":\"https:\\\/\\\/secure.gravatar.com\\\/avatar\\\/e397b36c8ccaee2f035941656d2bbba67d084ad6aab1abb7717fd9df0594dd0e?s=96&d=mm&r=g\",\"url\":\"https:\\\/\\\/secure.gravatar.com\\\/avatar\\\/e397b36c8ccaee2f035941656d2bbba67d084ad6aab1abb7717fd9df0594dd0e?s=96&d=mm&r=g\",\"contentUrl\":\"https:\\\/\\\/secure.gravatar.com\\\/avatar\\\/e397b36c8ccaee2f035941656d2bbba67d084ad6aab1abb7717fd9df0594dd0e?s=96&d=mm&r=g\",\"caption\":\"admin\"},\"sameAs\":[\"https:\\\/\\\/exponor.cl\"],\"url\":\"https:\\\/\\\/exponor.cl\\\/en\\\/author\\\/admin\\\/\"}]}<\/script>\n<!-- \/ Yoast SEO plugin. -->","yoast_head_json":{"title":"EXPONOR busca aumentar capacidad hotelera y suma departamentos y casas a su oferta - EXPONOR","robots":{"index":"index","follow":"follow","max-snippet":"max-snippet:-1","max-image-preview":"max-image-preview:large","max-video-preview":"max-video-preview:-1"},"canonical":"https:\/\/exponor.cl\/en\/2023\/12\/29\/exponor-busca-aumentar-capacidad-hotelera-y-suma-departamentos-y-casas-a-su-oferta\/","og_locale":"en_US","og_type":"article","og_title":"EXPONOR busca aumentar capacidad hotelera y suma departamentos y casas a su oferta - EXPONOR","og_description":"Dada la gran cantidad de expositores y visitantes que atrae EXPONOR a Antofagasta, es que se suele copar la capacidad hotelera con la que cuenta la ciudad. Solo en EXPONOR 2022 fueron 40.500 los visitantes, con casi 800 empresas expositoras de 30 pa\u00edses, quienes vinieron con gran parte de su equipo a instalarse en la [&hellip;]","og_url":"https:\/\/exponor.cl\/en\/2023\/12\/29\/exponor-busca-aumentar-capacidad-hotelera-y-suma-departamentos-y-casas-a-su-oferta\/","og_site_name":"EXPONOR","article_publisher":"https:\/\/facebook.com\/exponorcl","article_published_time":"2023-12-29T13:00:00+00:00","article_modified_time":"2024-02-01T14:32:35+00:00","og_image":[{"width":1024,"height":474,"url":"https:\/\/exponor.cl\/wp-content\/uploads\/2023\/12\/Fotos-noticia-capacidad-hotelera-1024x474.png","type":"image\/png"}],"author":"admin","twitter_card":"summary_large_image","twitter_creator":"@exponorcl","twitter_site":"@exponorcl","twitter_misc":{"Written by":"admin","Est. reading time":"4 minutes"},"schema":{"@context":"https:\/\/schema.org","@graph":[{"@type":"Article","@id":"https:\/\/exponor.cl\/2023\/12\/29\/exponor-busca-aumentar-capacidad-hotelera-y-suma-departamentos-y-casas-a-su-oferta\/#article","isPartOf":{"@id":"https:\/\/exponor.cl\/2023\/12\/29\/exponor-busca-aumentar-capacidad-hotelera-y-suma-departamentos-y-casas-a-su-oferta\/"},"author":{"name":"admin","@id":"https:\/\/exponor.cl\/#\/schema\/person\/f43dbb34f0c1563f0a03fb8fae81a53b"},"headline":"EXPONOR busca aumentar capacidad hotelera y suma departamentos y casas a su oferta","datePublished":"2023-12-29T13:00:00+00:00","dateModified":"2024-02-01T14:32:35+00:00","mainEntityOfPage":{"@id":"https:\/\/exponor.cl\/2023\/12\/29\/exponor-busca-aumentar-capacidad-hotelera-y-suma-departamentos-y-casas-a-su-oferta\/"},"wordCount":870,"publisher":{"@id":"https:\/\/exponor.cl\/#organization"},"image":{"@id":"https:\/\/exponor.cl\/2023\/12\/29\/exponor-busca-aumentar-capacidad-hotelera-y-suma-departamentos-y-casas-a-su-oferta\/#primaryimage"},"thumbnailUrl":"https:\/\/exponor.cl\/wp-content\/uploads\/2023\/12\/Fotos-noticia-capacidad-hotelera.png","articleSection":["Antofagasta","Exhibici\u00f3n","EXPONOR2024"],"inLanguage":"en-US"},{"@type":"WebPage","@id":"https:\/\/exponor.cl\/2023\/12\/29\/exponor-busca-aumentar-capacidad-hotelera-y-suma-departamentos-y-casas-a-su-oferta\/","url":"https:\/\/exponor.cl\/2023\/12\/29\/exponor-busca-aumentar-capacidad-hotelera-y-suma-departamentos-y-casas-a-su-oferta\/","name":"EXPONOR busca aumentar capacidad hotelera y suma departamentos y casas a su oferta - EXPONOR","isPartOf":{"@id":"https:\/\/exponor.cl\/#website"},"primaryImageOfPage":{"@id":"https:\/\/exponor.cl\/2023\/12\/29\/exponor-busca-aumentar-capacidad-hotelera-y-suma-departamentos-y-casas-a-su-oferta\/#primaryimage"},"image":{"@id":"https:\/\/exponor.cl\/2023\/12\/29\/exponor-busca-aumentar-capacidad-hotelera-y-suma-departamentos-y-casas-a-su-oferta\/#primaryimage"},"thumbnailUrl":"https:\/\/exponor.cl\/wp-content\/uploads\/2023\/12\/Fotos-noticia-capacidad-hotelera.png","datePublished":"2023-12-29T13:00:00+00:00","dateModified":"2024-02-01T14:32:35+00:00","breadcrumb":{"@id":"https:\/\/exponor.cl\/2023\/12\/29\/exponor-busca-aumentar-capacidad-hotelera-y-suma-departamentos-y-casas-a-su-oferta\/#breadcrumb"},"inLanguage":"en-US","potentialAction":[{"@type":"ReadAction","target":["https:\/\/exponor.cl\/2023\/12\/29\/exponor-busca-aumentar-capacidad-hotelera-y-suma-departamentos-y-casas-a-su-oferta\/"]}]},{"@type":"ImageObject","inLanguage":"en-US","@id":"https:\/\/exponor.cl\/2023\/12\/29\/exponor-busca-aumentar-capacidad-hotelera-y-suma-departamentos-y-casas-a-su-oferta\/#primaryimage","url":"https:\/\/exponor.cl\/wp-content\/uploads\/2023\/12\/Fotos-noticia-capacidad-hotelera.png","contentUrl":"https:\/\/exponor.cl\/wp-content\/uploads\/2023\/12\/Fotos-noticia-capacidad-hotelera.png","width":3334,"height":1542},{"@type":"BreadcrumbList","@id":"https:\/\/exponor.cl\/2023\/12\/29\/exponor-busca-aumentar-capacidad-hotelera-y-suma-departamentos-y-casas-a-su-oferta\/#breadcrumb","itemListElement":[{"@type":"ListItem","position":1,"name":"Portada","item":"https:\/\/exponor.cl\/"},{"@type":"ListItem","position":2,"name":"EXPONOR busca aumentar capacidad hotelera y suma departamentos y casas a su oferta"}]},{"@type":"WebSite","@id":"https:\/\/exponor.cl\/#website","url":"https:\/\/exponor.cl\/","name":"EXPONOR","description":"Exhibici\u00f3n Internacional de Tecnolog\u00edas e Innovaciones para la Industria Minera y Energ\u00e9tica","publisher":{"@id":"https:\/\/exponor.cl\/#organization"},"potentialAction":[{"@type":"SearchAction","target":{"@type":"EntryPoint","urlTemplate":"https:\/\/exponor.cl\/?s={search_term_string}"},"query-input":{"@type":"PropertyValueSpecification","valueRequired":true,"valueName":"search_term_string"}}],"inLanguage":"en-US"},{"@type":"Organization","@id":"https:\/\/exponor.cl\/#organization","name":"EXPONOR","url":"https:\/\/exponor.cl\/","logo":{"@type":"ImageObject","inLanguage":"en-US","@id":"https:\/\/exponor.cl\/#\/schema\/logo\/image\/","url":"https:\/\/exponor.cl\/wp-content\/uploads\/2025\/03\/EXPONOR2026_confecha.png","contentUrl":"https:\/\/exponor.cl\/wp-content\/uploads\/2025\/03\/EXPONOR2026_confecha.png","width":2107,"height":1061,"caption":"EXPONOR"},"image":{"@id":"https:\/\/exponor.cl\/#\/schema\/logo\/image\/"},"sameAs":["https:\/\/facebook.com\/exponorcl","https:\/\/x.com\/exponorcl","https:\/\/cl.linkedin.com\/company\/exponorcl","https:\/\/www.instagram.com\/exponorcl\/"]},{"@type":"Person","@id":"https:\/\/exponor.cl\/#\/schema\/person\/f43dbb34f0c1563f0a03fb8fae81a53b","name":"admin","image":{"@type":"ImageObject","inLanguage":"en-US","@id":"https:\/\/secure.gravatar.com\/avatar\/e397b36c8ccaee2f035941656d2bbba67d084ad6aab1abb7717fd9df0594dd0e?s=96&d=mm&r=g","url":"https:\/\/secure.gravatar.com\/avatar\/e397b36c8ccaee2f035941656d2bbba67d084ad6aab1abb7717fd9df0594dd0e?s=96&d=mm&r=g","contentUrl":"https:\/\/secure.gravatar.com\/avatar\/e397b36c8ccaee2f035941656d2bbba67d084ad6aab1abb7717fd9df0594dd0e?s=96&d=mm&r=g","caption":"admin"},"sameAs":["https:\/\/exponor.cl"],"url":"https:\/\/exponor.cl\/en\/author\/admin\/"}]}},"_links":{"self":[{"href":"https:\/\/exponor.cl\/en\/wp-json\/wp\/v2\/posts\/4075","targetHints":{"allow":["GET"]}}],"collection":[{"href":"https:\/\/exponor.cl\/en\/wp-json\/wp\/v2\/posts"}],"about":[{"href":"https:\/\/exponor.cl\/en\/wp-json\/wp\/v2\/types\/post"}],"author":[{"embeddable":true,"href":"https:\/\/exponor.cl\/en\/wp-json\/wp\/v2\/users\/1"}],"replies":[{"embeddable":true,"href":"https:\/\/exponor.cl\/en\/wp-json\/wp\/v2\/comments?post=4075"}],"version-history":[{"count":2,"href":"https:\/\/exponor.cl\/en\/wp-json\/wp\/v2\/posts\/4075\/revisions"}],"predecessor-version":[{"id":4078,"href":"https:\/\/exponor.cl\/en\/wp-json\/wp\/v2\/posts\/4075\/revisions\/4078"}],"wp:featuredmedia":[{"embeddable":true,"href":"https:\/\/exponor.cl\/en\/wp-json\/wp\/v2\/media\/4303"}],"wp:attachment":[{"href":"https:\/\/exponor.cl\/en\/wp-json\/wp\/v2\/media?parent=4075"}],"wp:term":[{"taxonomy":"category","embeddable":true,"href":"https:\/\/exponor.cl\/en\/wp-json\/wp\/v2\/categories?post=4075"},{"taxonomy":"post_tag","embeddable":true,"href":"https:\/\/exponor.cl\/en\/wp-json\/wp\/v2\/tags?post=4075"}],"curies":[{"name":"wp","href":"https:\/\/api.w.org\/{rel}","templated":true}]}}