{"id":2878,"date":"2023-05-26T16:44:00","date_gmt":"2023-05-26T19:44:00","guid":{"rendered":"https:\/\/exponor.cl\/?p=2878"},"modified":"2023-11-27T16:42:16","modified_gmt":"2023-11-27T19:42:16","slug":"exponor-estrecha-vinculos-con-argentina-durante-arminera-2023","status":"publish","type":"post","link":"https:\/\/exponor.cl\/en\/2023\/05\/26\/exponor-estrecha-vinculos-con-argentina-durante-arminera-2023\/","title":{"rendered":"EXPONOR strengthens ties with Argentina during ARMINERA 2023"},"content":{"rendered":"<p><em>The objective was to promote business opportunities represented by the Chilean mining<\/em>,<em> energy and industrial sector and<\/em>,<em> in particular<\/em>,<em> in the Antofagasta Region<\/em>.<em> Connecting with over 200 participating exhibitors<\/em>,<em> to promote its value offer to trans-Andean companies<\/em>.<\/p>\n\n\n\n<p>EXPONOR had a fruitful participation in the International Argentine Trade Fair for the Mining Industry, ARMINERA 2023, which was recently held in Buenos Aires, with the aim of strengthening ties with the trans-Andean market to promote the business opportunities represented by Chile's mining, energy and industrial sector, and, in particular, the Antofagasta Region, with companies from the neighbouring country.<\/p>\n\n\n\n<p>EXPONOR 2024, to be held from June 3 to 6, will make a platform for face-to-face and on-site connection available to all exhibitors, expanding business opportunities, providing a showcase to the world for the services and products on display.<\/p>\n\n\n\n<blockquote class=\"wp-block-quote has-text-color is-layout-flow wp-block-quote-is-layout-flow\" style=\"color:#0096d7\">\n<p>\u201c<em>We had several interesting meetings with representatives of chambers of commerce and the mining and industrial provinces, in order to visualize potential joint institutional work, given our similarities as a mining region and business association\",<\/em>said Alicia Reyes, EXPONOR Director of International Promotion.<\/p>\n<\/blockquote>\n\n\n\n<p class=\"has-text-color\" style=\"color:#2c4d98;font-size:30px\"><strong>Connections<\/strong><\/p>\n\n\n\n<p>The trans-Andean event was held from May 22 to 24 at the La Rural Predio Ferial in Buenos Aires, with over 200 exhibitors from the mining industry. This activity was attended by Chilean authorities, such as the Minister of Mining, Marcela Hernando, along with the International Affairs Officer, Lucio Parada; the National Director of SERNAGEOMIN, Patricio Aguilera; and the Executive Vice President of COCHILCO, Joaqu\u00edn Morales, among others.<\/p>\n\n\n\n<p>EXPONOR 2024 has the support of its strategic partners Albemarle, Antofagasta Minerals, CODELCO, Escondida|BHP, Minera El Abra, Sierra Gorda SCM, Spence|BHP and SQM, together with the backing of APRIMIN, Consejo Minero, Generadoras de Chile, the Ministries of Economy, Mining and Energy, the Regional Government, ProChile, SOFOFA and SONAMI. Stands can be reserved at: reservas@exponor.cl - 552 454 335.<\/p>\n\n\n\n<p>EXPONOR 2024 has the support of its strategic partners Albemarle, Antofagasta Minerals, CODELCO, Escondida|BHP, Minera El Abra SCM, Sierra Gorda SCM, Spence|BHP and SQM, together with the backing of APRIMIN, Consejo Minero, Generadoras de Chile, the Ministries of Economy, Mining and Energy, the Regional Government, ProChile, SOFOFA and SONAMI. Stands can be reserved at: reservas@exponor.cl - 552 454 335.<\/p>\n\n\n\n<p><\/p>\n\n\n\n<p>EXPONOR 2024... Solutions for a sustainable industry.<\/p>\n\n\n\n<p><\/p>\n\n\n\n<p class=\"has-text-align-right\">Antofagasta, may 26, 2023.<\/p>","protected":false},"excerpt":{"rendered":"<p>El objetivo fue promover las oportunidades de negocios que representan el sector minero, energ\u00e9tico e industrial de Chile y, en particular, de la Regi\u00f3n de Antofagasta. Vincul\u00e1ndose con m\u00e1s de 200 expositores participantes, para dar a conocer su oferta de valor a las empresas trasandinas. EXPONOR tuvo una nutrida participaci\u00f3n en la Exposici\u00f3n Internacional de [&hellip;]<\/p>\n","protected":false},"author":1,"featured_media":3930,"comment_status":"closed","ping_status":"closed","sticky":false,"template":"","format":"standard","meta":{"_et_pb_use_builder":"off","_et_pb_old_content":"","_et_gb_content_width":"","footnotes":""},"categories":[36,21,33],"tags":[],"class_list":["post-2878","post","type-post","status-publish","format-standard","has-post-thumbnail","hentry","category-chile","category-exponor2024","category-mineria"],"yoast_head":"<!-- This site is optimized with the Yoast SEO plugin v27.5 - https:\/\/yoast.com\/product\/yoast-seo-wordpress\/ -->\n<title>EXPONOR estrecha v\u00ednculos con Argentina durante ARMINERA 2023 - EXPONOR<\/title>\n<meta name=\"robots\" content=\"index, follow, max-snippet:-1, max-image-preview:large, max-video-preview:-1\" \/>\n<link rel=\"canonical\" href=\"https:\/\/exponor.cl\/en\/2023\/05\/26\/exponor-estrecha-vinculos-con-argentina-durante-arminera-2023\/\" \/>\n<meta property=\"og:locale\" content=\"en_US\" \/>\n<meta property=\"og:type\" content=\"article\" \/>\n<meta property=\"og:title\" content=\"EXPONOR estrecha v\u00ednculos con Argentina durante ARMINERA 2023 - EXPONOR\" \/>\n<meta property=\"og:description\" content=\"El objetivo fue promover las oportunidades de negocios que representan el sector minero, energ\u00e9tico e industrial de Chile y, en particular, de la Regi\u00f3n de Antofagasta. Vincul\u00e1ndose con m\u00e1s de 200 expositores participantes, para dar a conocer su oferta de valor a las empresas trasandinas. EXPONOR tuvo una nutrida participaci\u00f3n en la Exposici\u00f3n Internacional de [&hellip;]\" \/>\n<meta property=\"og:url\" content=\"https:\/\/exponor.cl\/en\/2023\/05\/26\/exponor-estrecha-vinculos-con-argentina-durante-arminera-2023\/\" \/>\n<meta property=\"og:site_name\" content=\"EXPONOR\" \/>\n<meta property=\"article:publisher\" content=\"https:\/\/facebook.com\/exponorcl\" \/>\n<meta property=\"article:published_time\" content=\"2023-05-26T19:44:00+00:00\" \/>\n<meta property=\"article:modified_time\" content=\"2023-11-27T19:42:16+00:00\" \/>\n<meta property=\"og:image\" content=\"https:\/\/exponor.cl\/wp-content\/uploads\/2023\/11\/EXPONOR-estrecha-vinculos-con-Argentina-durante-ARMINERA-2023-12-1024x474.png\" \/>\n\t<meta property=\"og:image:width\" content=\"1024\" \/>\n\t<meta property=\"og:image:height\" content=\"474\" \/>\n\t<meta property=\"og:image:type\" content=\"image\/png\" \/>\n<meta name=\"author\" content=\"admin\" \/>\n<meta name=\"twitter:card\" content=\"summary_large_image\" \/>\n<meta name=\"twitter:creator\" content=\"@exponorcl\" \/>\n<meta name=\"twitter:site\" content=\"@exponorcl\" \/>\n<meta name=\"twitter:label1\" content=\"Written by\" \/>\n\t<meta name=\"twitter:data1\" content=\"admin\" \/>\n\t<meta name=\"twitter:label2\" content=\"Est. reading time\" \/>\n\t<meta name=\"twitter:data2\" content=\"2 minutes\" \/>\n<script type=\"application\/ld+json\" class=\"yoast-schema-graph\">{\"@context\":\"https:\\\/\\\/schema.org\",\"@graph\":[{\"@type\":\"Article\",\"@id\":\"https:\\\/\\\/exponor.cl\\\/2023\\\/05\\\/26\\\/exponor-estrecha-vinculos-con-argentina-durante-arminera-2023\\\/#article\",\"isPartOf\":{\"@id\":\"https:\\\/\\\/exponor.cl\\\/2023\\\/05\\\/26\\\/exponor-estrecha-vinculos-con-argentina-durante-arminera-2023\\\/\"},\"author\":{\"name\":\"admin\",\"@id\":\"https:\\\/\\\/exponor.cl\\\/#\\\/schema\\\/person\\\/f43dbb34f0c1563f0a03fb8fae81a53b\"},\"headline\":\"EXPONOR estrecha v\u00ednculos con Argentina durante ARMINERA 2023\",\"datePublished\":\"2023-05-26T19:44:00+00:00\",\"dateModified\":\"2023-11-27T19:42:16+00:00\",\"mainEntityOfPage\":{\"@id\":\"https:\\\/\\\/exponor.cl\\\/2023\\\/05\\\/26\\\/exponor-estrecha-vinculos-con-argentina-durante-arminera-2023\\\/\"},\"wordCount\":425,\"publisher\":{\"@id\":\"https:\\\/\\\/exponor.cl\\\/#organization\"},\"image\":{\"@id\":\"https:\\\/\\\/exponor.cl\\\/2023\\\/05\\\/26\\\/exponor-estrecha-vinculos-con-argentina-durante-arminera-2023\\\/#primaryimage\"},\"thumbnailUrl\":\"https:\\\/\\\/exponor.cl\\\/wp-content\\\/uploads\\\/2023\\\/11\\\/EXPONOR-estrecha-vinculos-con-Argentina-durante-ARMINERA-2023-12.png\",\"articleSection\":[\"Chile\",\"EXPONOR2024\",\"Miner\u00eda\"],\"inLanguage\":\"en-US\"},{\"@type\":\"WebPage\",\"@id\":\"https:\\\/\\\/exponor.cl\\\/2023\\\/05\\\/26\\\/exponor-estrecha-vinculos-con-argentina-durante-arminera-2023\\\/\",\"url\":\"https:\\\/\\\/exponor.cl\\\/2023\\\/05\\\/26\\\/exponor-estrecha-vinculos-con-argentina-durante-arminera-2023\\\/\",\"name\":\"EXPONOR estrecha v\u00ednculos con Argentina durante ARMINERA 2023 - EXPONOR\",\"isPartOf\":{\"@id\":\"https:\\\/\\\/exponor.cl\\\/#website\"},\"primaryImageOfPage\":{\"@id\":\"https:\\\/\\\/exponor.cl\\\/2023\\\/05\\\/26\\\/exponor-estrecha-vinculos-con-argentina-durante-arminera-2023\\\/#primaryimage\"},\"image\":{\"@id\":\"https:\\\/\\\/exponor.cl\\\/2023\\\/05\\\/26\\\/exponor-estrecha-vinculos-con-argentina-durante-arminera-2023\\\/#primaryimage\"},\"thumbnailUrl\":\"https:\\\/\\\/exponor.cl\\\/wp-content\\\/uploads\\\/2023\\\/11\\\/EXPONOR-estrecha-vinculos-con-Argentina-durante-ARMINERA-2023-12.png\",\"datePublished\":\"2023-05-26T19:44:00+00:00\",\"dateModified\":\"2023-11-27T19:42:16+00:00\",\"breadcrumb\":{\"@id\":\"https:\\\/\\\/exponor.cl\\\/2023\\\/05\\\/26\\\/exponor-estrecha-vinculos-con-argentina-durante-arminera-2023\\\/#breadcrumb\"},\"inLanguage\":\"en-US\",\"potentialAction\":[{\"@type\":\"ReadAction\",\"target\":[\"https:\\\/\\\/exponor.cl\\\/2023\\\/05\\\/26\\\/exponor-estrecha-vinculos-con-argentina-durante-arminera-2023\\\/\"]}]},{\"@type\":\"ImageObject\",\"inLanguage\":\"en-US\",\"@id\":\"https:\\\/\\\/exponor.cl\\\/2023\\\/05\\\/26\\\/exponor-estrecha-vinculos-con-argentina-durante-arminera-2023\\\/#primaryimage\",\"url\":\"https:\\\/\\\/exponor.cl\\\/wp-content\\\/uploads\\\/2023\\\/11\\\/EXPONOR-estrecha-vinculos-con-Argentina-durante-ARMINERA-2023-12.png\",\"contentUrl\":\"https:\\\/\\\/exponor.cl\\\/wp-content\\\/uploads\\\/2023\\\/11\\\/EXPONOR-estrecha-vinculos-con-Argentina-durante-ARMINERA-2023-12.png\",\"width\":2778,\"height\":1286},{\"@type\":\"BreadcrumbList\",\"@id\":\"https:\\\/\\\/exponor.cl\\\/2023\\\/05\\\/26\\\/exponor-estrecha-vinculos-con-argentina-durante-arminera-2023\\\/#breadcrumb\",\"itemListElement\":[{\"@type\":\"ListItem\",\"position\":1,\"name\":\"Portada\",\"item\":\"https:\\\/\\\/exponor.cl\\\/\"},{\"@type\":\"ListItem\",\"position\":2,\"name\":\"EXPONOR estrecha v\u00ednculos con Argentina durante ARMINERA 2023\"}]},{\"@type\":\"WebSite\",\"@id\":\"https:\\\/\\\/exponor.cl\\\/#website\",\"url\":\"https:\\\/\\\/exponor.cl\\\/\",\"name\":\"EXPONOR\",\"description\":\"Exhibici\u00f3n Internacional de Tecnolog\u00edas e Innovaciones para la Industria Minera y Energ\u00e9tica\",\"publisher\":{\"@id\":\"https:\\\/\\\/exponor.cl\\\/#organization\"},\"potentialAction\":[{\"@type\":\"SearchAction\",\"target\":{\"@type\":\"EntryPoint\",\"urlTemplate\":\"https:\\\/\\\/exponor.cl\\\/?s={search_term_string}\"},\"query-input\":{\"@type\":\"PropertyValueSpecification\",\"valueRequired\":true,\"valueName\":\"search_term_string\"}}],\"inLanguage\":\"en-US\"},{\"@type\":\"Organization\",\"@id\":\"https:\\\/\\\/exponor.cl\\\/#organization\",\"name\":\"EXPONOR\",\"url\":\"https:\\\/\\\/exponor.cl\\\/\",\"logo\":{\"@type\":\"ImageObject\",\"inLanguage\":\"en-US\",\"@id\":\"https:\\\/\\\/exponor.cl\\\/#\\\/schema\\\/logo\\\/image\\\/\",\"url\":\"https:\\\/\\\/exponor.cl\\\/wp-content\\\/uploads\\\/2025\\\/03\\\/EXPONOR2026_confecha.png\",\"contentUrl\":\"https:\\\/\\\/exponor.cl\\\/wp-content\\\/uploads\\\/2025\\\/03\\\/EXPONOR2026_confecha.png\",\"width\":2107,\"height\":1061,\"caption\":\"EXPONOR\"},\"image\":{\"@id\":\"https:\\\/\\\/exponor.cl\\\/#\\\/schema\\\/logo\\\/image\\\/\"},\"sameAs\":[\"https:\\\/\\\/facebook.com\\\/exponorcl\",\"https:\\\/\\\/x.com\\\/exponorcl\",\"https:\\\/\\\/cl.linkedin.com\\\/company\\\/exponorcl\",\"https:\\\/\\\/www.instagram.com\\\/exponorcl\\\/\"]},{\"@type\":\"Person\",\"@id\":\"https:\\\/\\\/exponor.cl\\\/#\\\/schema\\\/person\\\/f43dbb34f0c1563f0a03fb8fae81a53b\",\"name\":\"admin\",\"image\":{\"@type\":\"ImageObject\",\"inLanguage\":\"en-US\",\"@id\":\"https:\\\/\\\/secure.gravatar.com\\\/avatar\\\/e397b36c8ccaee2f035941656d2bbba67d084ad6aab1abb7717fd9df0594dd0e?s=96&d=mm&r=g\",\"url\":\"https:\\\/\\\/secure.gravatar.com\\\/avatar\\\/e397b36c8ccaee2f035941656d2bbba67d084ad6aab1abb7717fd9df0594dd0e?s=96&d=mm&r=g\",\"contentUrl\":\"https:\\\/\\\/secure.gravatar.com\\\/avatar\\\/e397b36c8ccaee2f035941656d2bbba67d084ad6aab1abb7717fd9df0594dd0e?s=96&d=mm&r=g\",\"caption\":\"admin\"},\"sameAs\":[\"https:\\\/\\\/exponor.cl\"],\"url\":\"https:\\\/\\\/exponor.cl\\\/en\\\/author\\\/admin\\\/\"}]}<\/script>\n<!-- \/ Yoast SEO plugin. -->","yoast_head_json":{"title":"EXPONOR estrecha v\u00ednculos con Argentina durante ARMINERA 2023 - EXPONOR","robots":{"index":"index","follow":"follow","max-snippet":"max-snippet:-1","max-image-preview":"max-image-preview:large","max-video-preview":"max-video-preview:-1"},"canonical":"https:\/\/exponor.cl\/en\/2023\/05\/26\/exponor-estrecha-vinculos-con-argentina-durante-arminera-2023\/","og_locale":"en_US","og_type":"article","og_title":"EXPONOR estrecha v\u00ednculos con Argentina durante ARMINERA 2023 - EXPONOR","og_description":"El objetivo fue promover las oportunidades de negocios que representan el sector minero, energ\u00e9tico e industrial de Chile y, en particular, de la Regi\u00f3n de Antofagasta. Vincul\u00e1ndose con m\u00e1s de 200 expositores participantes, para dar a conocer su oferta de valor a las empresas trasandinas. EXPONOR tuvo una nutrida participaci\u00f3n en la Exposici\u00f3n Internacional de [&hellip;]","og_url":"https:\/\/exponor.cl\/en\/2023\/05\/26\/exponor-estrecha-vinculos-con-argentina-durante-arminera-2023\/","og_site_name":"EXPONOR","article_publisher":"https:\/\/facebook.com\/exponorcl","article_published_time":"2023-05-26T19:44:00+00:00","article_modified_time":"2023-11-27T19:42:16+00:00","og_image":[{"width":1024,"height":474,"url":"https:\/\/exponor.cl\/wp-content\/uploads\/2023\/11\/EXPONOR-estrecha-vinculos-con-Argentina-durante-ARMINERA-2023-12-1024x474.png","type":"image\/png"}],"author":"admin","twitter_card":"summary_large_image","twitter_creator":"@exponorcl","twitter_site":"@exponorcl","twitter_misc":{"Written by":"admin","Est. reading time":"2 minutes"},"schema":{"@context":"https:\/\/schema.org","@graph":[{"@type":"Article","@id":"https:\/\/exponor.cl\/2023\/05\/26\/exponor-estrecha-vinculos-con-argentina-durante-arminera-2023\/#article","isPartOf":{"@id":"https:\/\/exponor.cl\/2023\/05\/26\/exponor-estrecha-vinculos-con-argentina-durante-arminera-2023\/"},"author":{"name":"admin","@id":"https:\/\/exponor.cl\/#\/schema\/person\/f43dbb34f0c1563f0a03fb8fae81a53b"},"headline":"EXPONOR estrecha v\u00ednculos con Argentina durante ARMINERA 2023","datePublished":"2023-05-26T19:44:00+00:00","dateModified":"2023-11-27T19:42:16+00:00","mainEntityOfPage":{"@id":"https:\/\/exponor.cl\/2023\/05\/26\/exponor-estrecha-vinculos-con-argentina-durante-arminera-2023\/"},"wordCount":425,"publisher":{"@id":"https:\/\/exponor.cl\/#organization"},"image":{"@id":"https:\/\/exponor.cl\/2023\/05\/26\/exponor-estrecha-vinculos-con-argentina-durante-arminera-2023\/#primaryimage"},"thumbnailUrl":"https:\/\/exponor.cl\/wp-content\/uploads\/2023\/11\/EXPONOR-estrecha-vinculos-con-Argentina-durante-ARMINERA-2023-12.png","articleSection":["Chile","EXPONOR2024","Miner\u00eda"],"inLanguage":"en-US"},{"@type":"WebPage","@id":"https:\/\/exponor.cl\/2023\/05\/26\/exponor-estrecha-vinculos-con-argentina-durante-arminera-2023\/","url":"https:\/\/exponor.cl\/2023\/05\/26\/exponor-estrecha-vinculos-con-argentina-durante-arminera-2023\/","name":"EXPONOR estrecha v\u00ednculos con Argentina durante ARMINERA 2023 - EXPONOR","isPartOf":{"@id":"https:\/\/exponor.cl\/#website"},"primaryImageOfPage":{"@id":"https:\/\/exponor.cl\/2023\/05\/26\/exponor-estrecha-vinculos-con-argentina-durante-arminera-2023\/#primaryimage"},"image":{"@id":"https:\/\/exponor.cl\/2023\/05\/26\/exponor-estrecha-vinculos-con-argentina-durante-arminera-2023\/#primaryimage"},"thumbnailUrl":"https:\/\/exponor.cl\/wp-content\/uploads\/2023\/11\/EXPONOR-estrecha-vinculos-con-Argentina-durante-ARMINERA-2023-12.png","datePublished":"2023-05-26T19:44:00+00:00","dateModified":"2023-11-27T19:42:16+00:00","breadcrumb":{"@id":"https:\/\/exponor.cl\/2023\/05\/26\/exponor-estrecha-vinculos-con-argentina-durante-arminera-2023\/#breadcrumb"},"inLanguage":"en-US","potentialAction":[{"@type":"ReadAction","target":["https:\/\/exponor.cl\/2023\/05\/26\/exponor-estrecha-vinculos-con-argentina-durante-arminera-2023\/"]}]},{"@type":"ImageObject","inLanguage":"en-US","@id":"https:\/\/exponor.cl\/2023\/05\/26\/exponor-estrecha-vinculos-con-argentina-durante-arminera-2023\/#primaryimage","url":"https:\/\/exponor.cl\/wp-content\/uploads\/2023\/11\/EXPONOR-estrecha-vinculos-con-Argentina-durante-ARMINERA-2023-12.png","contentUrl":"https:\/\/exponor.cl\/wp-content\/uploads\/2023\/11\/EXPONOR-estrecha-vinculos-con-Argentina-durante-ARMINERA-2023-12.png","width":2778,"height":1286},{"@type":"BreadcrumbList","@id":"https:\/\/exponor.cl\/2023\/05\/26\/exponor-estrecha-vinculos-con-argentina-durante-arminera-2023\/#breadcrumb","itemListElement":[{"@type":"ListItem","position":1,"name":"Portada","item":"https:\/\/exponor.cl\/"},{"@type":"ListItem","position":2,"name":"EXPONOR estrecha v\u00ednculos con Argentina durante ARMINERA 2023"}]},{"@type":"WebSite","@id":"https:\/\/exponor.cl\/#website","url":"https:\/\/exponor.cl\/","name":"EXPONOR","description":"Exhibici\u00f3n Internacional de Tecnolog\u00edas e Innovaciones para la Industria Minera y Energ\u00e9tica","publisher":{"@id":"https:\/\/exponor.cl\/#organization"},"potentialAction":[{"@type":"SearchAction","target":{"@type":"EntryPoint","urlTemplate":"https:\/\/exponor.cl\/?s={search_term_string}"},"query-input":{"@type":"PropertyValueSpecification","valueRequired":true,"valueName":"search_term_string"}}],"inLanguage":"en-US"},{"@type":"Organization","@id":"https:\/\/exponor.cl\/#organization","name":"EXPONOR","url":"https:\/\/exponor.cl\/","logo":{"@type":"ImageObject","inLanguage":"en-US","@id":"https:\/\/exponor.cl\/#\/schema\/logo\/image\/","url":"https:\/\/exponor.cl\/wp-content\/uploads\/2025\/03\/EXPONOR2026_confecha.png","contentUrl":"https:\/\/exponor.cl\/wp-content\/uploads\/2025\/03\/EXPONOR2026_confecha.png","width":2107,"height":1061,"caption":"EXPONOR"},"image":{"@id":"https:\/\/exponor.cl\/#\/schema\/logo\/image\/"},"sameAs":["https:\/\/facebook.com\/exponorcl","https:\/\/x.com\/exponorcl","https:\/\/cl.linkedin.com\/company\/exponorcl","https:\/\/www.instagram.com\/exponorcl\/"]},{"@type":"Person","@id":"https:\/\/exponor.cl\/#\/schema\/person\/f43dbb34f0c1563f0a03fb8fae81a53b","name":"admin","image":{"@type":"ImageObject","inLanguage":"en-US","@id":"https:\/\/secure.gravatar.com\/avatar\/e397b36c8ccaee2f035941656d2bbba67d084ad6aab1abb7717fd9df0594dd0e?s=96&d=mm&r=g","url":"https:\/\/secure.gravatar.com\/avatar\/e397b36c8ccaee2f035941656d2bbba67d084ad6aab1abb7717fd9df0594dd0e?s=96&d=mm&r=g","contentUrl":"https:\/\/secure.gravatar.com\/avatar\/e397b36c8ccaee2f035941656d2bbba67d084ad6aab1abb7717fd9df0594dd0e?s=96&d=mm&r=g","caption":"admin"},"sameAs":["https:\/\/exponor.cl"],"url":"https:\/\/exponor.cl\/en\/author\/admin\/"}]}},"_links":{"self":[{"href":"https:\/\/exponor.cl\/en\/wp-json\/wp\/v2\/posts\/2878","targetHints":{"allow":["GET"]}}],"collection":[{"href":"https:\/\/exponor.cl\/en\/wp-json\/wp\/v2\/posts"}],"about":[{"href":"https:\/\/exponor.cl\/en\/wp-json\/wp\/v2\/types\/post"}],"author":[{"embeddable":true,"href":"https:\/\/exponor.cl\/en\/wp-json\/wp\/v2\/users\/1"}],"replies":[{"embeddable":true,"href":"https:\/\/exponor.cl\/en\/wp-json\/wp\/v2\/comments?post=2878"}],"version-history":[{"count":2,"href":"https:\/\/exponor.cl\/en\/wp-json\/wp\/v2\/posts\/2878\/revisions"}],"predecessor-version":[{"id":2935,"href":"https:\/\/exponor.cl\/en\/wp-json\/wp\/v2\/posts\/2878\/revisions\/2935"}],"wp:featuredmedia":[{"embeddable":true,"href":"https:\/\/exponor.cl\/en\/wp-json\/wp\/v2\/media\/3930"}],"wp:attachment":[{"href":"https:\/\/exponor.cl\/en\/wp-json\/wp\/v2\/media?parent=2878"}],"wp:term":[{"taxonomy":"category","embeddable":true,"href":"https:\/\/exponor.cl\/en\/wp-json\/wp\/v2\/categories?post=2878"},{"taxonomy":"post_tag","embeddable":true,"href":"https:\/\/exponor.cl\/en\/wp-json\/wp\/v2\/tags?post=2878"}],"curies":[{"name":"wp","href":"https:\/\/api.w.org\/{rel}","templated":true}]}}